{"id":5130,"date":"2024-02-26T09:02:31","date_gmt":"2024-02-26T08:02:31","guid":{"rendered":"https:\/\/nereamendizabal.eus\/?p=5130"},"modified":"2024-02-26T09:02:31","modified_gmt":"2024-02-26T08:02:31","slug":"gestionarlarabia","status":"publish","type":"post","link":"https:\/\/nereamendizabal.eus\/es\/gestionarlarabia\/","title":{"rendered":"GESTIONAR LA RABIA"},"content":{"rendered":"<p><strong>Gestionar la rabia: estrategias para ir de la impotencia a la potencia<\/strong><\/p>\n<p>\u00bfC\u00f3mo podemos manejar la rabia de manera constructiva tanto para nosotros como para los dem\u00e1s? En este art\u00edculo, exploraremos estrategias pr\u00e1cticas para gestionar la rabia y tambi\u00e9n c\u00f3mo acoger la rabia de los dem\u00e1s de manera compasiva.<\/p>\n<p>Antes que nada, es crucial entender que la rabia no surge del exterior, sino de nuestra propia interpretaci\u00f3n de las situaciones o personas que nos estimulan. Transformar la rabia implica tomar conciencia de nuestras propias evaluaciones y juicios, separ\u00e1ndolos del est\u00edmulo real que los provoc\u00f3, ya que tenemos el poder de cambiar nuestra perspectiva y elegir c\u00f3mo reaccionar ante las circunstancias.<\/p>\n<p>El proceso que nos ofrece la Comunicaci\u00f3n No Violenta para <strong>descubrir el sorprendente prop\u00f3sito<\/strong> de la rabia es:<\/p>\n<ol>\n<li>Identificar el est\u00edmulo: diferenciar entre el est\u00edmulo y nuestra evaluaci\u00f3n de la situaci\u00f3n. \u00bfQu\u00e9 es lo que realmente ha sucedido y c\u00f3mo lo estoy interpretando?<\/li>\n<li>Conciencia de nuestros juicios: reconocer que nuestros juicios hacia los dem\u00e1s son la causa principal de nuestra rabia. Esta surge cuando valoramos las acciones de los dem\u00e1s como errores o maldad, en lugar de conectar con nuestras propias necesidades.<\/li>\n<li>Reconocer nuestras necesidades: identificar cu\u00e1les son nuestras necesidades que no est\u00e1n siendo satisfechas en esta situaci\u00f3n espec\u00edfica. \u00bfQu\u00e9 es lo que realmente necesitamos?<\/li>\n<li>Explorar nuestros sentimientos: Identificar c\u00f3mo nos sentimos cuando nuestras necesidades no est\u00e1n cubiertas. La tristeza, el miedo o la frustraci\u00f3n suelen ser emociones subyacentes a la rabia.<\/li>\n<li>Tomar acci\u00f3n para cuidar de nuestras necesidades: en lugar de enfocarnos en culpar a los dem\u00e1s, centrarnos en c\u00f3mo podemos cuidar nuestras propias necesidades y buscar soluciones que nos ayuden a satisfacerlas.<\/li>\n<li>Considerar las necesidades de los dem\u00e1s: recordar que las personas que nos rodean tambi\u00e9n tienen necesidades. Podemos mirar y descubrir que pueden estar expresando de manera torpe o tr\u00e1gica cuando hacen lo que hacen y valorar c\u00f3mo incluir sus necesidades en nuestras interacciones, incluso cuando decido poner l\u00edmites.<\/li>\n<\/ol>\n<p><strong>Expresar la rabia de forma constructiva<\/strong><\/p>\n<p>Cuando decidimos expresar nuestra rabia, es importante hacerlo de manera consciente y no violenta. Esto implica comunicar cuatro tipos de informaci\u00f3n:<\/p>\n<ol>\n<li>El est\u00edmulo que provoc\u00f3 nuestra rabia.<\/li>\n<li>C\u00f3mo nos sentimos realmente, transformando la rabia en otros sentimientos m\u00e1s profundos.<\/li>\n<li>Nuestras necesidades no satisfechas.<\/li>\n<li>Una petici\u00f3n clara y presente sobre lo que queremos.<\/li>\n<\/ol>\n<p><strong>Acoger la rabia del otro<\/strong><\/p>\n<p>Cuando somos el est\u00edmulo de la rabia de alguien m\u00e1s, podemos abrirnos a acoger esa emoci\u00f3n de manera compasiva o establecer un l\u00edmite. He aqu\u00ed algunos pasos cuando queramos acompa\u00f1ar la rabia del otro:<\/p>\n<ol>\n<li>Respirar y mantener la calma: importante respirar profundamente y mantener la calma para no absorber la ira del otro como una esponja.<\/li>\n<li>Observar nuestra mente: evitar reaccionar defensivamente y permitirnos sentir lo que sentimos. Preguntarnos si estamos dispuestos a escuchar el dolor del otro.<\/li>\n<li>Abrir nuestro coraz\u00f3n: recordar que la ira del otro no es necesariamente un ataque hacia nosotros, sino una expresi\u00f3n de su propio sufrimiento.<\/li>\n<li>Ofrecer empat\u00eda y comprensi\u00f3n: escuchar activamente y tratar de entender las necesidades no satisfechas del otro. Expresar empat\u00eda con sus sentimientos y necesidades, sin entrar en el juego de la defensa o el ataque.<\/li>\n<\/ol>\n<p><strong>Conclusiones<\/strong><\/p>\n<p>Manejar la rabia no es f\u00e1cil, pero es posible. Requiere pr\u00e1ctica, paciencia y autodisciplina. Al practicar la gesti\u00f3n de la rabia tanto para nosotros mismos como para los dem\u00e1s, podemos transformar esta poderosa emoci\u00f3n en una fuerza para el cambio positivo y la conexi\u00f3n humana. Recuerda, la rabia es solo una se\u00f1al de que nuestras necesidades no est\u00e1n siendo cubiertas, y podemos elegir c\u00f3mo responder a esa se\u00f1al de manera constructiva y compasiva.<\/p>\n<p>Un fuerte abrazo,<\/p>\n<p>Nerea.<\/p>\n","protected":false},"excerpt":{"rendered":"<p>Gestionar la rabia: estrategias para ir de la impotencia a la potencia \u00bfC\u00f3mo podemos manejar la rabia de manera constructiva tanto para nosotros como para los dem\u00e1s? En este art\u00edculo, exploraremos estrategias pr\u00e1cticas para gestionar la rabia y tambi\u00e9n c\u00f3mo acoger la rabia de los dem\u00e1s de manera compasiva. Antes que nada, es crucial entender [&hellip;]<\/p>\n","protected":false},"author":4,"featured_media":5132,"comment_status":"closed","ping_status":"open","sticky":false,"template":"","format":"standard","meta":{"om_disable_all_campaigns":false,"footnotes":""},"categories":[60],"tags":[],"class_list":["post-5130","post","type-post","status-publish","format-standard","has-post-thumbnail","hentry","category-comunicacion-no-violenta"],"yoast_head":"<!-- This site is optimized with the Yoast SEO plugin v27.5 - https:\/\/yoast.com\/product\/yoast-seo-wordpress\/ -->\n<title>GESTIONAR LA RABIA - Nerea Mendizabal<\/title>\n<meta name=\"description\" content=\"\u00bfC\u00f3mo podemos manejar la rabia de manera constructiva tanto para nosotros como para los dem\u00e1s? En este art\u00edculo, exploraremos estrategias pr\u00e1cticas para gestionar la rabia y tambi\u00e9n c\u00f3mo acoger la rabia de los dem\u00e1s de manera compasiva.Antes que nada, es crucial entender que la rabia no surge del exterior, sino de nuestra propia interpretaci\u00f3n de las situaciones o personas que nos estimulan. Transformar la rabia implica tomar conciencia de nuestras propias evaluaciones y juicios, separ\u00e1ndolos del est\u00edmulo real que los provoc\u00f3, ya que tenemos el poder de cambiar nuestra perspectiva y elegir c\u00f3mo reaccionar ante las circunstancias.\" \/>\n<meta name=\"robots\" content=\"index, follow, max-snippet:-1, max-image-preview:large, max-video-preview:-1\" \/>\n<link rel=\"canonical\" href=\"https:\/\/nereamendizabal.eus\/es\/gestionarlarabia\/\" \/>\n<meta property=\"og:locale\" content=\"es_ES\" \/>\n<meta property=\"og:type\" content=\"article\" \/>\n<meta property=\"og:title\" content=\"GESTIONAR LA RABIA - Nerea Mendizabal\" \/>\n<meta property=\"og:description\" content=\"\u00bfC\u00f3mo podemos manejar la rabia de manera constructiva tanto para nosotros como para los dem\u00e1s? En este art\u00edculo, exploraremos estrategias pr\u00e1cticas para gestionar la rabia y tambi\u00e9n c\u00f3mo acoger la rabia de los dem\u00e1s de manera compasiva.Antes que nada, es crucial entender que la rabia no surge del exterior, sino de nuestra propia interpretaci\u00f3n de las situaciones o personas que nos estimulan. Transformar la rabia implica tomar conciencia de nuestras propias evaluaciones y juicios, separ\u00e1ndolos del est\u00edmulo real que los provoc\u00f3, ya que tenemos el poder de cambiar nuestra perspectiva y elegir c\u00f3mo reaccionar ante las circunstancias.\" \/>\n<meta property=\"og:url\" content=\"https:\/\/nereamendizabal.eus\/es\/gestionarlarabia\/\" \/>\n<meta property=\"og:site_name\" content=\"Nerea Mendizabal\" \/>\n<meta property=\"article:published_time\" content=\"2024-02-26T08:02:31+00:00\" \/>\n<meta property=\"og:image\" content=\"https:\/\/nereamendizabal.eus\/wp-content\/uploads\/2024\/02\/Argazkia.jpg\" \/>\n\t<meta property=\"og:image:width\" content=\"1280\" \/>\n\t<meta property=\"og:image:height\" content=\"1280\" \/>\n\t<meta property=\"og:image:type\" content=\"image\/jpeg\" \/>\n<meta name=\"author\" content=\"Nerea Mendizabal (Zestoa, 1976)\" \/>\n<meta name=\"twitter:card\" content=\"summary_large_image\" \/>\n<meta name=\"twitter:label1\" content=\"Escrito por\" \/>\n\t<meta name=\"twitter:data1\" content=\"Nerea Mendizabal (Zestoa, 1976)\" \/>\n\t<meta name=\"twitter:label2\" content=\"Tiempo de lectura\" \/>\n\t<meta name=\"twitter:data2\" content=\"4 minutos\" \/>\n<script type=\"application\/ld+json\" class=\"yoast-schema-graph\">{\"@context\":\"https:\\\/\\\/schema.org\",\"@graph\":[{\"@type\":\"Article\",\"@id\":\"https:\\\/\\\/nereamendizabal.eus\\\/es\\\/gestionarlarabia\\\/#article\",\"isPartOf\":{\"@id\":\"https:\\\/\\\/nereamendizabal.eus\\\/es\\\/gestionarlarabia\\\/\"},\"author\":{\"name\":\"Nerea Mendizabal (Zestoa, 1976)\",\"@id\":\"https:\\\/\\\/nereamendizabal.eus\\\/es\\\/#\\\/schema\\\/person\\\/bd256c9b2004cb1f2b7810545da489b1\"},\"headline\":\"GESTIONAR LA RABIA\",\"datePublished\":\"2024-02-26T08:02:31+00:00\",\"mainEntityOfPage\":{\"@id\":\"https:\\\/\\\/nereamendizabal.eus\\\/es\\\/gestionarlarabia\\\/\"},\"wordCount\":661,\"publisher\":{\"@id\":\"https:\\\/\\\/nereamendizabal.eus\\\/es\\\/#\\\/schema\\\/person\\\/bd256c9b2004cb1f2b7810545da489b1\"},\"image\":{\"@id\":\"https:\\\/\\\/nereamendizabal.eus\\\/es\\\/gestionarlarabia\\\/#primaryimage\"},\"thumbnailUrl\":\"https:\\\/\\\/nereamendizabal.eus\\\/wp-content\\\/uploads\\\/2024\\\/02\\\/Argazkia.jpg\",\"articleSection\":[\"Comunicaci\u00f3n No Violenta\"],\"inLanguage\":\"es\"},{\"@type\":\"WebPage\",\"@id\":\"https:\\\/\\\/nereamendizabal.eus\\\/es\\\/gestionarlarabia\\\/\",\"url\":\"https:\\\/\\\/nereamendizabal.eus\\\/es\\\/gestionarlarabia\\\/\",\"name\":\"GESTIONAR LA RABIA - Nerea Mendizabal\",\"isPartOf\":{\"@id\":\"https:\\\/\\\/nereamendizabal.eus\\\/es\\\/#website\"},\"primaryImageOfPage\":{\"@id\":\"https:\\\/\\\/nereamendizabal.eus\\\/es\\\/gestionarlarabia\\\/#primaryimage\"},\"image\":{\"@id\":\"https:\\\/\\\/nereamendizabal.eus\\\/es\\\/gestionarlarabia\\\/#primaryimage\"},\"thumbnailUrl\":\"https:\\\/\\\/nereamendizabal.eus\\\/wp-content\\\/uploads\\\/2024\\\/02\\\/Argazkia.jpg\",\"datePublished\":\"2024-02-26T08:02:31+00:00\",\"description\":\"\u00bfC\u00f3mo podemos manejar la rabia de manera constructiva tanto para nosotros como para los dem\u00e1s? En este art\u00edculo, exploraremos estrategias pr\u00e1cticas para gestionar la rabia y tambi\u00e9n c\u00f3mo acoger la rabia de los dem\u00e1s de manera compasiva.Antes que nada, es crucial entender que la rabia no surge del exterior, sino de nuestra propia interpretaci\u00f3n de las situaciones o personas que nos estimulan. Transformar la rabia implica tomar conciencia de nuestras propias evaluaciones y juicios, separ\u00e1ndolos del est\u00edmulo real que los provoc\u00f3, ya que tenemos el poder de cambiar nuestra perspectiva y elegir c\u00f3mo reaccionar ante las circunstancias.\",\"breadcrumb\":{\"@id\":\"https:\\\/\\\/nereamendizabal.eus\\\/es\\\/gestionarlarabia\\\/#breadcrumb\"},\"inLanguage\":\"es\",\"potentialAction\":[{\"@type\":\"ReadAction\",\"target\":[\"https:\\\/\\\/nereamendizabal.eus\\\/es\\\/gestionarlarabia\\\/\"]}]},{\"@type\":\"ImageObject\",\"inLanguage\":\"es\",\"@id\":\"https:\\\/\\\/nereamendizabal.eus\\\/es\\\/gestionarlarabia\\\/#primaryimage\",\"url\":\"https:\\\/\\\/nereamendizabal.eus\\\/wp-content\\\/uploads\\\/2024\\\/02\\\/Argazkia.jpg\",\"contentUrl\":\"https:\\\/\\\/nereamendizabal.eus\\\/wp-content\\\/uploads\\\/2024\\\/02\\\/Argazkia.jpg\",\"width\":1280,\"height\":1280},{\"@type\":\"BreadcrumbList\",\"@id\":\"https:\\\/\\\/nereamendizabal.eus\\\/es\\\/gestionarlarabia\\\/#breadcrumb\",\"itemListElement\":[{\"@type\":\"ListItem\",\"position\":1,\"name\":\"Portada\",\"item\":\"https:\\\/\\\/nereamendizabal.eus\\\/es\\\/\"},{\"@type\":\"ListItem\",\"position\":2,\"name\":\"GESTIONAR LA RABIA\"}]},{\"@type\":\"WebSite\",\"@id\":\"https:\\\/\\\/nereamendizabal.eus\\\/es\\\/#website\",\"url\":\"https:\\\/\\\/nereamendizabal.eus\\\/es\\\/\",\"name\":\"Nerea Mendizabal\",\"description\":\"Comunicaci\u00f3n No Violenta\",\"publisher\":{\"@id\":\"https:\\\/\\\/nereamendizabal.eus\\\/es\\\/#\\\/schema\\\/person\\\/bd256c9b2004cb1f2b7810545da489b1\"},\"potentialAction\":[{\"@type\":\"SearchAction\",\"target\":{\"@type\":\"EntryPoint\",\"urlTemplate\":\"https:\\\/\\\/nereamendizabal.eus\\\/es\\\/?s={search_term_string}\"},\"query-input\":{\"@type\":\"PropertyValueSpecification\",\"valueRequired\":true,\"valueName\":\"search_term_string\"}}],\"inLanguage\":\"es\"},{\"@type\":[\"Person\",\"Organization\"],\"@id\":\"https:\\\/\\\/nereamendizabal.eus\\\/es\\\/#\\\/schema\\\/person\\\/bd256c9b2004cb1f2b7810545da489b1\",\"name\":\"Nerea Mendizabal (Zestoa, 1976)\",\"image\":{\"@type\":\"ImageObject\",\"inLanguage\":\"es\",\"@id\":\"https:\\\/\\\/nereamendizabal.eus\\\/wp-content\\\/uploads\\\/2019\\\/12\\\/Logo-Nerea-Mendizabal-movil-1x.png\",\"url\":\"https:\\\/\\\/nereamendizabal.eus\\\/wp-content\\\/uploads\\\/2019\\\/12\\\/Logo-Nerea-Mendizabal-movil-1x.png\",\"contentUrl\":\"https:\\\/\\\/nereamendizabal.eus\\\/wp-content\\\/uploads\\\/2019\\\/12\\\/Logo-Nerea-Mendizabal-movil-1x.png\",\"width\":237,\"height\":56,\"caption\":\"Nerea Mendizabal (Zestoa, 1976)\"},\"logo\":{\"@id\":\"https:\\\/\\\/nereamendizabal.eus\\\/wp-content\\\/uploads\\\/2019\\\/12\\\/Logo-Nerea-Mendizabal-movil-1x.png\"},\"description\":\"Psikopedagogia, Gizarte hezkuntza eta Komunikazio Ez Bortitzeko ikasketei urte batzuk eskaini nizkion. Nor naizen jakiteko bidean jarraitzen dut eta jarraituko dut, erlazioetan elikatu nahian eta besteen aurkikuntza prozesuetan bidelagun izatearekin batera. Pasioa eta ogibidea bat eginda bizitzearen pribilegioa bizi dut. Azken hamarkadan materialen sorkuntzak ere biziki harrapatu nau, \u201cZutani\u201d jolas didaktikoa, \u201cZutani, bizitzako altxor kutxa\u201d aplikazioa, \u201cElkarrekin hazi\u201d eta \u201cJirafa hizkuntza\u201d liburuak, \u201cKira jirafa eta haserrearen diamanteak\u201d ipuinekin formatu desberdinetan erlazioetarako euskarriak sortuz. Eta orain oharkabean, ahots eta musikaz baliatzeak, hitzez azaldu nahi dudana kodigo sentituagoetara eraman nau. Musikak, kantuak, gitarra jotzeak eta dantzak barruko espazioetara eramaten naute, gozamena eta bizitzeko gogoa nigan bizitu egiten direlarik. Dediqu\u00e9 unos cuantos a\u00f1os a los estudios de Psicopedagog\u00eda, Educaci\u00f3n Social y Comunicaci\u00f3n No Violenta. Sigo y seguir\u00e9 en el camino de saber qui\u00e9n soy, queriendo nutrirme de las relaciones que me rodean, a la vez que acompa\u00f1o a las personas que acuden a m\u00ed en sus procesos de descubrimiento. Vivo con toda mi entrega el privilegio de unir la pasi\u00f3n y el oficio. En la \u00faltima d\u00e9cada tambi\u00e9n me he volcado en la creaci\u00f3n de materiales, como el juego did\u00e1ctico Zutani, la aplicaci\u00f3n Zutani, bizitzako altxor kutxa, los libros Crecer juntos y Lenguaje jirafa y el cuento La jirafa Kira y los diamantes del enfado, a\u00f1adiendo, en diferentes formatos, soportes complementarios que mejoren el funcionamiento de las relaciones. Y ahora, me lanzo a expresar en otro registro, ya que la expresi\u00f3n a trav\u00e9s de la m\u00fasica, el canto, la guitarra y la danza me conducen a espacios interiores m\u00e1s amplios, donde pongo en valor el disfrute y las ganas de vivir que se apoderan de m\u00ed. \u2063\"}]}<\/script>\n<!-- \/ Yoast SEO plugin. -->","yoast_head_json":{"title":"GESTIONAR LA RABIA - Nerea Mendizabal","description":"\u00bfC\u00f3mo podemos manejar la rabia de manera constructiva tanto para nosotros como para los dem\u00e1s? En este art\u00edculo, exploraremos estrategias pr\u00e1cticas para gestionar la rabia y tambi\u00e9n c\u00f3mo acoger la rabia de los dem\u00e1s de manera compasiva.Antes que nada, es crucial entender que la rabia no surge del exterior, sino de nuestra propia interpretaci\u00f3n de las situaciones o personas que nos estimulan. Transformar la rabia implica tomar conciencia de nuestras propias evaluaciones y juicios, separ\u00e1ndolos del est\u00edmulo real que los provoc\u00f3, ya que tenemos el poder de cambiar nuestra perspectiva y elegir c\u00f3mo reaccionar ante las circunstancias.","robots":{"index":"index","follow":"follow","max-snippet":"max-snippet:-1","max-image-preview":"max-image-preview:large","max-video-preview":"max-video-preview:-1"},"canonical":"https:\/\/nereamendizabal.eus\/es\/gestionarlarabia\/","og_locale":"es_ES","og_type":"article","og_title":"GESTIONAR LA RABIA - Nerea Mendizabal","og_description":"\u00bfC\u00f3mo podemos manejar la rabia de manera constructiva tanto para nosotros como para los dem\u00e1s? En este art\u00edculo, exploraremos estrategias pr\u00e1cticas para gestionar la rabia y tambi\u00e9n c\u00f3mo acoger la rabia de los dem\u00e1s de manera compasiva.Antes que nada, es crucial entender que la rabia no surge del exterior, sino de nuestra propia interpretaci\u00f3n de las situaciones o personas que nos estimulan. Transformar la rabia implica tomar conciencia de nuestras propias evaluaciones y juicios, separ\u00e1ndolos del est\u00edmulo real que los provoc\u00f3, ya que tenemos el poder de cambiar nuestra perspectiva y elegir c\u00f3mo reaccionar ante las circunstancias.","og_url":"https:\/\/nereamendizabal.eus\/es\/gestionarlarabia\/","og_site_name":"Nerea Mendizabal","article_published_time":"2024-02-26T08:02:31+00:00","og_image":[{"width":1280,"height":1280,"url":"https:\/\/nereamendizabal.eus\/wp-content\/uploads\/2024\/02\/Argazkia.jpg","type":"image\/jpeg"}],"author":"Nerea Mendizabal (Zestoa, 1976)","twitter_card":"summary_large_image","twitter_misc":{"Escrito por":"Nerea Mendizabal (Zestoa, 1976)","Tiempo de lectura":"4 minutos"},"schema":{"@context":"https:\/\/schema.org","@graph":[{"@type":"Article","@id":"https:\/\/nereamendizabal.eus\/es\/gestionarlarabia\/#article","isPartOf":{"@id":"https:\/\/nereamendizabal.eus\/es\/gestionarlarabia\/"},"author":{"name":"Nerea Mendizabal (Zestoa, 1976)","@id":"https:\/\/nereamendizabal.eus\/es\/#\/schema\/person\/bd256c9b2004cb1f2b7810545da489b1"},"headline":"GESTIONAR LA RABIA","datePublished":"2024-02-26T08:02:31+00:00","mainEntityOfPage":{"@id":"https:\/\/nereamendizabal.eus\/es\/gestionarlarabia\/"},"wordCount":661,"publisher":{"@id":"https:\/\/nereamendizabal.eus\/es\/#\/schema\/person\/bd256c9b2004cb1f2b7810545da489b1"},"image":{"@id":"https:\/\/nereamendizabal.eus\/es\/gestionarlarabia\/#primaryimage"},"thumbnailUrl":"https:\/\/nereamendizabal.eus\/wp-content\/uploads\/2024\/02\/Argazkia.jpg","articleSection":["Comunicaci\u00f3n No Violenta"],"inLanguage":"es"},{"@type":"WebPage","@id":"https:\/\/nereamendizabal.eus\/es\/gestionarlarabia\/","url":"https:\/\/nereamendizabal.eus\/es\/gestionarlarabia\/","name":"GESTIONAR LA RABIA - Nerea Mendizabal","isPartOf":{"@id":"https:\/\/nereamendizabal.eus\/es\/#website"},"primaryImageOfPage":{"@id":"https:\/\/nereamendizabal.eus\/es\/gestionarlarabia\/#primaryimage"},"image":{"@id":"https:\/\/nereamendizabal.eus\/es\/gestionarlarabia\/#primaryimage"},"thumbnailUrl":"https:\/\/nereamendizabal.eus\/wp-content\/uploads\/2024\/02\/Argazkia.jpg","datePublished":"2024-02-26T08:02:31+00:00","description":"\u00bfC\u00f3mo podemos manejar la rabia de manera constructiva tanto para nosotros como para los dem\u00e1s? En este art\u00edculo, exploraremos estrategias pr\u00e1cticas para gestionar la rabia y tambi\u00e9n c\u00f3mo acoger la rabia de los dem\u00e1s de manera compasiva.Antes que nada, es crucial entender que la rabia no surge del exterior, sino de nuestra propia interpretaci\u00f3n de las situaciones o personas que nos estimulan. Transformar la rabia implica tomar conciencia de nuestras propias evaluaciones y juicios, separ\u00e1ndolos del est\u00edmulo real que los provoc\u00f3, ya que tenemos el poder de cambiar nuestra perspectiva y elegir c\u00f3mo reaccionar ante las circunstancias.","breadcrumb":{"@id":"https:\/\/nereamendizabal.eus\/es\/gestionarlarabia\/#breadcrumb"},"inLanguage":"es","potentialAction":[{"@type":"ReadAction","target":["https:\/\/nereamendizabal.eus\/es\/gestionarlarabia\/"]}]},{"@type":"ImageObject","inLanguage":"es","@id":"https:\/\/nereamendizabal.eus\/es\/gestionarlarabia\/#primaryimage","url":"https:\/\/nereamendizabal.eus\/wp-content\/uploads\/2024\/02\/Argazkia.jpg","contentUrl":"https:\/\/nereamendizabal.eus\/wp-content\/uploads\/2024\/02\/Argazkia.jpg","width":1280,"height":1280},{"@type":"BreadcrumbList","@id":"https:\/\/nereamendizabal.eus\/es\/gestionarlarabia\/#breadcrumb","itemListElement":[{"@type":"ListItem","position":1,"name":"Portada","item":"https:\/\/nereamendizabal.eus\/es\/"},{"@type":"ListItem","position":2,"name":"GESTIONAR LA RABIA"}]},{"@type":"WebSite","@id":"https:\/\/nereamendizabal.eus\/es\/#website","url":"https:\/\/nereamendizabal.eus\/es\/","name":"Nerea Mendizabal","description":"Comunicaci\u00f3n No Violenta","publisher":{"@id":"https:\/\/nereamendizabal.eus\/es\/#\/schema\/person\/bd256c9b2004cb1f2b7810545da489b1"},"potentialAction":[{"@type":"SearchAction","target":{"@type":"EntryPoint","urlTemplate":"https:\/\/nereamendizabal.eus\/es\/?s={search_term_string}"},"query-input":{"@type":"PropertyValueSpecification","valueRequired":true,"valueName":"search_term_string"}}],"inLanguage":"es"},{"@type":["Person","Organization"],"@id":"https:\/\/nereamendizabal.eus\/es\/#\/schema\/person\/bd256c9b2004cb1f2b7810545da489b1","name":"Nerea Mendizabal (Zestoa, 1976)","image":{"@type":"ImageObject","inLanguage":"es","@id":"https:\/\/nereamendizabal.eus\/wp-content\/uploads\/2019\/12\/Logo-Nerea-Mendizabal-movil-1x.png","url":"https:\/\/nereamendizabal.eus\/wp-content\/uploads\/2019\/12\/Logo-Nerea-Mendizabal-movil-1x.png","contentUrl":"https:\/\/nereamendizabal.eus\/wp-content\/uploads\/2019\/12\/Logo-Nerea-Mendizabal-movil-1x.png","width":237,"height":56,"caption":"Nerea Mendizabal (Zestoa, 1976)"},"logo":{"@id":"https:\/\/nereamendizabal.eus\/wp-content\/uploads\/2019\/12\/Logo-Nerea-Mendizabal-movil-1x.png"},"description":"Psikopedagogia, Gizarte hezkuntza eta Komunikazio Ez Bortitzeko ikasketei urte batzuk eskaini nizkion. Nor naizen jakiteko bidean jarraitzen dut eta jarraituko dut, erlazioetan elikatu nahian eta besteen aurkikuntza prozesuetan bidelagun izatearekin batera. Pasioa eta ogibidea bat eginda bizitzearen pribilegioa bizi dut. Azken hamarkadan materialen sorkuntzak ere biziki harrapatu nau, \u201cZutani\u201d jolas didaktikoa, \u201cZutani, bizitzako altxor kutxa\u201d aplikazioa, \u201cElkarrekin hazi\u201d eta \u201cJirafa hizkuntza\u201d liburuak, \u201cKira jirafa eta haserrearen diamanteak\u201d ipuinekin formatu desberdinetan erlazioetarako euskarriak sortuz. Eta orain oharkabean, ahots eta musikaz baliatzeak, hitzez azaldu nahi dudana kodigo sentituagoetara eraman nau. Musikak, kantuak, gitarra jotzeak eta dantzak barruko espazioetara eramaten naute, gozamena eta bizitzeko gogoa nigan bizitu egiten direlarik. Dediqu\u00e9 unos cuantos a\u00f1os a los estudios de Psicopedagog\u00eda, Educaci\u00f3n Social y Comunicaci\u00f3n No Violenta. Sigo y seguir\u00e9 en el camino de saber qui\u00e9n soy, queriendo nutrirme de las relaciones que me rodean, a la vez que acompa\u00f1o a las personas que acuden a m\u00ed en sus procesos de descubrimiento. Vivo con toda mi entrega el privilegio de unir la pasi\u00f3n y el oficio. En la \u00faltima d\u00e9cada tambi\u00e9n me he volcado en la creaci\u00f3n de materiales, como el juego did\u00e1ctico Zutani, la aplicaci\u00f3n Zutani, bizitzako altxor kutxa, los libros Crecer juntos y Lenguaje jirafa y el cuento La jirafa Kira y los diamantes del enfado, a\u00f1adiendo, en diferentes formatos, soportes complementarios que mejoren el funcionamiento de las relaciones. Y ahora, me lanzo a expresar en otro registro, ya que la expresi\u00f3n a trav\u00e9s de la m\u00fasica, el canto, la guitarra y la danza me conducen a espacios interiores m\u00e1s amplios, donde pongo en valor el disfrute y las ganas de vivir que se apoderan de m\u00ed. \u2063"}]}},"publishpress_future_workflow_manual_trigger":{"enabledWorkflows":[]},"_links":{"self":[{"href":"https:\/\/nereamendizabal.eus\/es\/wp-json\/wp\/v2\/posts\/5130","targetHints":{"allow":["GET"]}}],"collection":[{"href":"https:\/\/nereamendizabal.eus\/es\/wp-json\/wp\/v2\/posts"}],"about":[{"href":"https:\/\/nereamendizabal.eus\/es\/wp-json\/wp\/v2\/types\/post"}],"author":[{"embeddable":true,"href":"https:\/\/nereamendizabal.eus\/es\/wp-json\/wp\/v2\/users\/4"}],"replies":[{"embeddable":true,"href":"https:\/\/nereamendizabal.eus\/es\/wp-json\/wp\/v2\/comments?post=5130"}],"version-history":[{"count":1,"href":"https:\/\/nereamendizabal.eus\/es\/wp-json\/wp\/v2\/posts\/5130\/revisions"}],"predecessor-version":[{"id":5134,"href":"https:\/\/nereamendizabal.eus\/es\/wp-json\/wp\/v2\/posts\/5130\/revisions\/5134"}],"wp:featuredmedia":[{"embeddable":true,"href":"https:\/\/nereamendizabal.eus\/es\/wp-json\/wp\/v2\/media\/5132"}],"wp:attachment":[{"href":"https:\/\/nereamendizabal.eus\/es\/wp-json\/wp\/v2\/media?parent=5130"}],"wp:term":[{"taxonomy":"category","embeddable":true,"href":"https:\/\/nereamendizabal.eus\/es\/wp-json\/wp\/v2\/categories?post=5130"},{"taxonomy":"post_tag","embeddable":true,"href":"https:\/\/nereamendizabal.eus\/es\/wp-json\/wp\/v2\/tags?post=5130"}],"curies":[{"name":"wp","href":"https:\/\/api.w.org\/{rel}","templated":true}]}}