{"id":5060,"date":"2024-01-09T10:24:11","date_gmt":"2024-01-09T09:24:11","guid":{"rendered":"https:\/\/nereamendizabal.eus\/?p=5060"},"modified":"2024-01-09T10:24:11","modified_gmt":"2024-01-09T09:24:11","slug":"miedos","status":"publish","type":"post","link":"https:\/\/nereamendizabal.eus\/es\/miedos\/","title":{"rendered":"MIEDOS"},"content":{"rendered":"<p><strong>EL MIEDO COMO COMPA\u00d1ERO DE VIAJE<\/strong><\/p>\n<p>Hemos escuchado y dicho frases como \u00abno seas miedoso, cobarde\u00bb, \u00abhay que ser fuerte\u00bb, \u00abno va a pasar nada, no seas paranoica\u00bb. Sin embargo, el miedo puede ser un indicador de peligro y puede impulsarnos a tomar medidas para protegernos, como encender la luz en la oscuridad por temor a tropezar. En otras ocasiones, nos paraliza, bloquea y condiciona de tal manera que no podemos tomar decisiones que en el fondo deseamos o que nos beneficiar\u00edan (deseo avanzar pero saboteo cualquier oportunidad). Adem\u00e1s, las experiencias pasadas pueden hacer que percibamos exageradamente la situaci\u00f3n actual (despu\u00e9s de un accidente, no querer conducir).<\/p>\n<p>El miedo es una se\u00f1al que intenta comunicarnos algo, y si intentamos reprimirlo, se intensifica. El objetivo no es eliminar el miedo, sino aceptarlo y abrazarlo sin temor.<\/p>\n<p>A menudo, carecemos de herramientas pr\u00e1cticas para cultivar nuestra paz y consciencia. Esto es algo en lo que puedo trabajar. Tenemos la tendencia a preocuparnos por lo que podr\u00eda suceder, dejando de prestar atenci\u00f3n al presente. Mi prop\u00f3sito es cultivar la atenci\u00f3n en el aqu\u00ed y ahora, enfoc\u00e1ndome en lo que es real y no en la narrativa que mi mente crea. La mente genera un flujo constante de pensamientos, creados sin nuestro control. Aunque no podemos elegir qu\u00e9 pensamientos surgen, s\u00ed podemos decidir c\u00f3mo reaccionar y qu\u00e9 hacer con ellos.<\/p>\n<p>Identificarnos con nuestros pensamientos es la ra\u00edz de nuestro sufrimiento. Sumergirnos en el miedo, la inseguridad, la verg\u00fcenza, la ansiedad o la preocupaci\u00f3n es indicativo de haber salido de nuestra paz, tranquilidad, confianza o seguridad por habernos cre\u00eddo la historia de esos pensamientos que entraron en nuestra mente. Por eso, animo a experimentar desvincularnos de estos pensamientos y actuar desde nuestra esencia.<\/p>\n<p>Preg\u00fantate: \u00bfQu\u00e9 necesitas? \u00bfQui\u00e9n ser\u00edas y c\u00f3mo actuar\u00edas en estas circunstancias si no apareciera este pensamiento? \u00bfPuedes conectar con esa cualidad en tu interior? \u00bfQu\u00e9 acci\u00f3n o petici\u00f3n, tanto hacia ti como hacia otros, te ayudar\u00eda?<\/p>\n<p>Al mismo tiempo, hay aspectos que pertenecen a otros y a la vida misma, que es un misterio. El futuro no se puede controlar; nadie sabe qu\u00e9 suceder\u00e1. A veces, al preocuparnos demasiado por el futuro, descuidamos el momento presente. Los seres humanos a menudo intentamos ocupar el lugar de lo divino, pero la vida siempre superar\u00e1 nuestra comprensi\u00f3n. Quiz\u00e1 se trate de aceptar nuestra vulnerabilidad y humildad, honrando as\u00ed el misterio de la vida. \u00bfTe animas a abrirte a la curiosidad de lo desconocido que la vida inevitablemente nos presentar\u00e1?<\/p>\n","protected":false},"excerpt":{"rendered":"<p>EL MIEDO COMO COMPA\u00d1ERO DE VIAJE Hemos escuchado y dicho frases como \u00abno seas miedoso, cobarde\u00bb, \u00abhay que ser fuerte\u00bb, \u00abno va a pasar nada, no seas paranoica\u00bb. Sin embargo, el miedo puede ser un indicador de peligro y puede impulsarnos a tomar medidas para protegernos, como encender la luz en la oscuridad por temor [&hellip;]<\/p>\n","protected":false},"author":4,"featured_media":5062,"comment_status":"closed","ping_status":"open","sticky":false,"template":"","format":"standard","meta":{"om_disable_all_campaigns":false,"footnotes":""},"categories":[60],"tags":[],"class_list":["post-5060","post","type-post","status-publish","format-standard","has-post-thumbnail","hentry","category-comunicacion-no-violenta"],"yoast_head":"<!-- This site is optimized with the Yoast SEO plugin v27.5 - https:\/\/yoast.com\/product\/yoast-seo-wordpress\/ -->\n<title>MIEDOS - Nerea Mendizabal<\/title>\n<meta name=\"description\" content=\"Hemos escuchado y dicho frases como &quot;no seas miedoso, cobarde&quot;, &quot;hay que ser fuerte&quot;, &quot;no va a pasar nada, no seas paranoica&quot;. Sin embargo, el miedo puede ser un indicador de peligro y puede impulsarnos a tomar medidas para protegernos, como encender la luz en la oscuridad por temor a tropezar. En otras ocasiones, nos paraliza, bloquea y condiciona de tal manera que no podemos tomar decisiones que en el fondo deseamos o que nos beneficiar\u00edan (deseo avanzar pero saboteo cualquier oportunidad). Adem\u00e1s, las experiencias pasadas pueden hacer que percibamos exageradamente la situaci\u00f3n actual (despu\u00e9s de un accidente, no querer conducir).\" \/>\n<meta name=\"robots\" content=\"index, follow, max-snippet:-1, max-image-preview:large, max-video-preview:-1\" \/>\n<link rel=\"canonical\" href=\"https:\/\/nereamendizabal.eus\/es\/miedos\/\" \/>\n<meta property=\"og:locale\" content=\"es_ES\" \/>\n<meta property=\"og:type\" content=\"article\" \/>\n<meta property=\"og:title\" content=\"MIEDOS - Nerea Mendizabal\" \/>\n<meta property=\"og:description\" content=\"Hemos escuchado y dicho frases como &quot;no seas miedoso, cobarde&quot;, &quot;hay que ser fuerte&quot;, &quot;no va a pasar nada, no seas paranoica&quot;. Sin embargo, el miedo puede ser un indicador de peligro y puede impulsarnos a tomar medidas para protegernos, como encender la luz en la oscuridad por temor a tropezar. En otras ocasiones, nos paraliza, bloquea y condiciona de tal manera que no podemos tomar decisiones que en el fondo deseamos o que nos beneficiar\u00edan (deseo avanzar pero saboteo cualquier oportunidad). Adem\u00e1s, las experiencias pasadas pueden hacer que percibamos exageradamente la situaci\u00f3n actual (despu\u00e9s de un accidente, no querer conducir).\" \/>\n<meta property=\"og:url\" content=\"https:\/\/nereamendizabal.eus\/es\/miedos\/\" \/>\n<meta property=\"og:site_name\" content=\"Nerea Mendizabal\" \/>\n<meta property=\"article:published_time\" content=\"2024-01-09T09:24:11+00:00\" \/>\n<meta name=\"author\" content=\"Nerea Mendizabal (Zestoa, 1976)\" \/>\n<meta name=\"twitter:card\" content=\"summary_large_image\" \/>\n<meta name=\"twitter:label1\" content=\"Escrito por\" \/>\n\t<meta name=\"twitter:data1\" content=\"Nerea Mendizabal (Zestoa, 1976)\" \/>\n\t<meta name=\"twitter:label2\" content=\"Tiempo de lectura\" \/>\n\t<meta name=\"twitter:data2\" content=\"3 minutos\" \/>\n<script type=\"application\/ld+json\" class=\"yoast-schema-graph\">{\"@context\":\"https:\\\/\\\/schema.org\",\"@graph\":[{\"@type\":\"Article\",\"@id\":\"https:\\\/\\\/nereamendizabal.eus\\\/es\\\/miedos\\\/#article\",\"isPartOf\":{\"@id\":\"https:\\\/\\\/nereamendizabal.eus\\\/es\\\/miedos\\\/\"},\"author\":{\"name\":\"Nerea Mendizabal (Zestoa, 1976)\",\"@id\":\"https:\\\/\\\/nereamendizabal.eus\\\/es\\\/#\\\/schema\\\/person\\\/bd256c9b2004cb1f2b7810545da489b1\"},\"headline\":\"MIEDOS\",\"datePublished\":\"2024-01-09T09:24:11+00:00\",\"mainEntityOfPage\":{\"@id\":\"https:\\\/\\\/nereamendizabal.eus\\\/es\\\/miedos\\\/\"},\"wordCount\":442,\"publisher\":{\"@id\":\"https:\\\/\\\/nereamendizabal.eus\\\/es\\\/#\\\/schema\\\/person\\\/bd256c9b2004cb1f2b7810545da489b1\"},\"image\":{\"@id\":\"https:\\\/\\\/nereamendizabal.eus\\\/es\\\/miedos\\\/#primaryimage\"},\"thumbnailUrl\":\"https:\\\/\\\/nereamendizabal.eus\\\/wp-content\\\/uploads\\\/2024\\\/01\\\/beldurrak-pdf.jpg\",\"articleSection\":[\"Comunicaci\u00f3n No Violenta\"],\"inLanguage\":\"es\"},{\"@type\":\"WebPage\",\"@id\":\"https:\\\/\\\/nereamendizabal.eus\\\/es\\\/miedos\\\/\",\"url\":\"https:\\\/\\\/nereamendizabal.eus\\\/es\\\/miedos\\\/\",\"name\":\"MIEDOS - Nerea Mendizabal\",\"isPartOf\":{\"@id\":\"https:\\\/\\\/nereamendizabal.eus\\\/es\\\/#website\"},\"primaryImageOfPage\":{\"@id\":\"https:\\\/\\\/nereamendizabal.eus\\\/es\\\/miedos\\\/#primaryimage\"},\"image\":{\"@id\":\"https:\\\/\\\/nereamendizabal.eus\\\/es\\\/miedos\\\/#primaryimage\"},\"thumbnailUrl\":\"https:\\\/\\\/nereamendizabal.eus\\\/wp-content\\\/uploads\\\/2024\\\/01\\\/beldurrak-pdf.jpg\",\"datePublished\":\"2024-01-09T09:24:11+00:00\",\"description\":\"Hemos escuchado y dicho frases como \\\"no seas miedoso, cobarde\\\", \\\"hay que ser fuerte\\\", \\\"no va a pasar nada, no seas paranoica\\\". Sin embargo, el miedo puede ser un indicador de peligro y puede impulsarnos a tomar medidas para protegernos, como encender la luz en la oscuridad por temor a tropezar. En otras ocasiones, nos paraliza, bloquea y condiciona de tal manera que no podemos tomar decisiones que en el fondo deseamos o que nos beneficiar\u00edan (deseo avanzar pero saboteo cualquier oportunidad). Adem\u00e1s, las experiencias pasadas pueden hacer que percibamos exageradamente la situaci\u00f3n actual (despu\u00e9s de un accidente, no querer conducir).\",\"breadcrumb\":{\"@id\":\"https:\\\/\\\/nereamendizabal.eus\\\/es\\\/miedos\\\/#breadcrumb\"},\"inLanguage\":\"es\",\"potentialAction\":[{\"@type\":\"ReadAction\",\"target\":[\"https:\\\/\\\/nereamendizabal.eus\\\/es\\\/miedos\\\/\"]}]},{\"@type\":\"ImageObject\",\"inLanguage\":\"es\",\"@id\":\"https:\\\/\\\/nereamendizabal.eus\\\/es\\\/miedos\\\/#primaryimage\",\"url\":\"https:\\\/\\\/nereamendizabal.eus\\\/wp-content\\\/uploads\\\/2024\\\/01\\\/beldurrak-pdf.jpg\",\"contentUrl\":\"https:\\\/\\\/nereamendizabal.eus\\\/wp-content\\\/uploads\\\/2024\\\/01\\\/beldurrak-pdf.jpg\"},{\"@type\":\"BreadcrumbList\",\"@id\":\"https:\\\/\\\/nereamendizabal.eus\\\/es\\\/miedos\\\/#breadcrumb\",\"itemListElement\":[{\"@type\":\"ListItem\",\"position\":1,\"name\":\"Portada\",\"item\":\"https:\\\/\\\/nereamendizabal.eus\\\/es\\\/\"},{\"@type\":\"ListItem\",\"position\":2,\"name\":\"MIEDOS\"}]},{\"@type\":\"WebSite\",\"@id\":\"https:\\\/\\\/nereamendizabal.eus\\\/es\\\/#website\",\"url\":\"https:\\\/\\\/nereamendizabal.eus\\\/es\\\/\",\"name\":\"Nerea Mendizabal\",\"description\":\"Comunicaci\u00f3n No Violenta\",\"publisher\":{\"@id\":\"https:\\\/\\\/nereamendizabal.eus\\\/es\\\/#\\\/schema\\\/person\\\/bd256c9b2004cb1f2b7810545da489b1\"},\"potentialAction\":[{\"@type\":\"SearchAction\",\"target\":{\"@type\":\"EntryPoint\",\"urlTemplate\":\"https:\\\/\\\/nereamendizabal.eus\\\/es\\\/?s={search_term_string}\"},\"query-input\":{\"@type\":\"PropertyValueSpecification\",\"valueRequired\":true,\"valueName\":\"search_term_string\"}}],\"inLanguage\":\"es\"},{\"@type\":[\"Person\",\"Organization\"],\"@id\":\"https:\\\/\\\/nereamendizabal.eus\\\/es\\\/#\\\/schema\\\/person\\\/bd256c9b2004cb1f2b7810545da489b1\",\"name\":\"Nerea Mendizabal (Zestoa, 1976)\",\"image\":{\"@type\":\"ImageObject\",\"inLanguage\":\"es\",\"@id\":\"https:\\\/\\\/nereamendizabal.eus\\\/wp-content\\\/uploads\\\/2019\\\/12\\\/Logo-Nerea-Mendizabal-movil-1x.png\",\"url\":\"https:\\\/\\\/nereamendizabal.eus\\\/wp-content\\\/uploads\\\/2019\\\/12\\\/Logo-Nerea-Mendizabal-movil-1x.png\",\"contentUrl\":\"https:\\\/\\\/nereamendizabal.eus\\\/wp-content\\\/uploads\\\/2019\\\/12\\\/Logo-Nerea-Mendizabal-movil-1x.png\",\"width\":237,\"height\":56,\"caption\":\"Nerea Mendizabal (Zestoa, 1976)\"},\"logo\":{\"@id\":\"https:\\\/\\\/nereamendizabal.eus\\\/wp-content\\\/uploads\\\/2019\\\/12\\\/Logo-Nerea-Mendizabal-movil-1x.png\"},\"description\":\"Psikopedagogia, Gizarte hezkuntza eta Komunikazio Ez Bortitzeko ikasketei urte batzuk eskaini nizkion. Nor naizen jakiteko bidean jarraitzen dut eta jarraituko dut, erlazioetan elikatu nahian eta besteen aurkikuntza prozesuetan bidelagun izatearekin batera. Pasioa eta ogibidea bat eginda bizitzearen pribilegioa bizi dut. Azken hamarkadan materialen sorkuntzak ere biziki harrapatu nau, \u201cZutani\u201d jolas didaktikoa, \u201cZutani, bizitzako altxor kutxa\u201d aplikazioa, \u201cElkarrekin hazi\u201d eta \u201cJirafa hizkuntza\u201d liburuak, \u201cKira jirafa eta haserrearen diamanteak\u201d ipuinekin formatu desberdinetan erlazioetarako euskarriak sortuz. Eta orain oharkabean, ahots eta musikaz baliatzeak, hitzez azaldu nahi dudana kodigo sentituagoetara eraman nau. Musikak, kantuak, gitarra jotzeak eta dantzak barruko espazioetara eramaten naute, gozamena eta bizitzeko gogoa nigan bizitu egiten direlarik. Dediqu\u00e9 unos cuantos a\u00f1os a los estudios de Psicopedagog\u00eda, Educaci\u00f3n Social y Comunicaci\u00f3n No Violenta. Sigo y seguir\u00e9 en el camino de saber qui\u00e9n soy, queriendo nutrirme de las relaciones que me rodean, a la vez que acompa\u00f1o a las personas que acuden a m\u00ed en sus procesos de descubrimiento. Vivo con toda mi entrega el privilegio de unir la pasi\u00f3n y el oficio. En la \u00faltima d\u00e9cada tambi\u00e9n me he volcado en la creaci\u00f3n de materiales, como el juego did\u00e1ctico Zutani, la aplicaci\u00f3n Zutani, bizitzako altxor kutxa, los libros Crecer juntos y Lenguaje jirafa y el cuento La jirafa Kira y los diamantes del enfado, a\u00f1adiendo, en diferentes formatos, soportes complementarios que mejoren el funcionamiento de las relaciones. Y ahora, me lanzo a expresar en otro registro, ya que la expresi\u00f3n a trav\u00e9s de la m\u00fasica, el canto, la guitarra y la danza me conducen a espacios interiores m\u00e1s amplios, donde pongo en valor el disfrute y las ganas de vivir que se apoderan de m\u00ed. \u2063\"}]}<\/script>\n<!-- \/ Yoast SEO plugin. -->","yoast_head_json":{"title":"MIEDOS - Nerea Mendizabal","description":"Hemos escuchado y dicho frases como \"no seas miedoso, cobarde\", \"hay que ser fuerte\", \"no va a pasar nada, no seas paranoica\". Sin embargo, el miedo puede ser un indicador de peligro y puede impulsarnos a tomar medidas para protegernos, como encender la luz en la oscuridad por temor a tropezar. En otras ocasiones, nos paraliza, bloquea y condiciona de tal manera que no podemos tomar decisiones que en el fondo deseamos o que nos beneficiar\u00edan (deseo avanzar pero saboteo cualquier oportunidad). Adem\u00e1s, las experiencias pasadas pueden hacer que percibamos exageradamente la situaci\u00f3n actual (despu\u00e9s de un accidente, no querer conducir).","robots":{"index":"index","follow":"follow","max-snippet":"max-snippet:-1","max-image-preview":"max-image-preview:large","max-video-preview":"max-video-preview:-1"},"canonical":"https:\/\/nereamendizabal.eus\/es\/miedos\/","og_locale":"es_ES","og_type":"article","og_title":"MIEDOS - Nerea Mendizabal","og_description":"Hemos escuchado y dicho frases como \"no seas miedoso, cobarde\", \"hay que ser fuerte\", \"no va a pasar nada, no seas paranoica\". Sin embargo, el miedo puede ser un indicador de peligro y puede impulsarnos a tomar medidas para protegernos, como encender la luz en la oscuridad por temor a tropezar. En otras ocasiones, nos paraliza, bloquea y condiciona de tal manera que no podemos tomar decisiones que en el fondo deseamos o que nos beneficiar\u00edan (deseo avanzar pero saboteo cualquier oportunidad). Adem\u00e1s, las experiencias pasadas pueden hacer que percibamos exageradamente la situaci\u00f3n actual (despu\u00e9s de un accidente, no querer conducir).","og_url":"https:\/\/nereamendizabal.eus\/es\/miedos\/","og_site_name":"Nerea Mendizabal","article_published_time":"2024-01-09T09:24:11+00:00","author":"Nerea Mendizabal (Zestoa, 1976)","twitter_card":"summary_large_image","twitter_misc":{"Escrito por":"Nerea Mendizabal (Zestoa, 1976)","Tiempo de lectura":"3 minutos"},"schema":{"@context":"https:\/\/schema.org","@graph":[{"@type":"Article","@id":"https:\/\/nereamendizabal.eus\/es\/miedos\/#article","isPartOf":{"@id":"https:\/\/nereamendizabal.eus\/es\/miedos\/"},"author":{"name":"Nerea Mendizabal (Zestoa, 1976)","@id":"https:\/\/nereamendizabal.eus\/es\/#\/schema\/person\/bd256c9b2004cb1f2b7810545da489b1"},"headline":"MIEDOS","datePublished":"2024-01-09T09:24:11+00:00","mainEntityOfPage":{"@id":"https:\/\/nereamendizabal.eus\/es\/miedos\/"},"wordCount":442,"publisher":{"@id":"https:\/\/nereamendizabal.eus\/es\/#\/schema\/person\/bd256c9b2004cb1f2b7810545da489b1"},"image":{"@id":"https:\/\/nereamendizabal.eus\/es\/miedos\/#primaryimage"},"thumbnailUrl":"https:\/\/nereamendizabal.eus\/wp-content\/uploads\/2024\/01\/beldurrak-pdf.jpg","articleSection":["Comunicaci\u00f3n No Violenta"],"inLanguage":"es"},{"@type":"WebPage","@id":"https:\/\/nereamendizabal.eus\/es\/miedos\/","url":"https:\/\/nereamendizabal.eus\/es\/miedos\/","name":"MIEDOS - Nerea Mendizabal","isPartOf":{"@id":"https:\/\/nereamendizabal.eus\/es\/#website"},"primaryImageOfPage":{"@id":"https:\/\/nereamendizabal.eus\/es\/miedos\/#primaryimage"},"image":{"@id":"https:\/\/nereamendizabal.eus\/es\/miedos\/#primaryimage"},"thumbnailUrl":"https:\/\/nereamendizabal.eus\/wp-content\/uploads\/2024\/01\/beldurrak-pdf.jpg","datePublished":"2024-01-09T09:24:11+00:00","description":"Hemos escuchado y dicho frases como \"no seas miedoso, cobarde\", \"hay que ser fuerte\", \"no va a pasar nada, no seas paranoica\". Sin embargo, el miedo puede ser un indicador de peligro y puede impulsarnos a tomar medidas para protegernos, como encender la luz en la oscuridad por temor a tropezar. En otras ocasiones, nos paraliza, bloquea y condiciona de tal manera que no podemos tomar decisiones que en el fondo deseamos o que nos beneficiar\u00edan (deseo avanzar pero saboteo cualquier oportunidad). Adem\u00e1s, las experiencias pasadas pueden hacer que percibamos exageradamente la situaci\u00f3n actual (despu\u00e9s de un accidente, no querer conducir).","breadcrumb":{"@id":"https:\/\/nereamendizabal.eus\/es\/miedos\/#breadcrumb"},"inLanguage":"es","potentialAction":[{"@type":"ReadAction","target":["https:\/\/nereamendizabal.eus\/es\/miedos\/"]}]},{"@type":"ImageObject","inLanguage":"es","@id":"https:\/\/nereamendizabal.eus\/es\/miedos\/#primaryimage","url":"https:\/\/nereamendizabal.eus\/wp-content\/uploads\/2024\/01\/beldurrak-pdf.jpg","contentUrl":"https:\/\/nereamendizabal.eus\/wp-content\/uploads\/2024\/01\/beldurrak-pdf.jpg"},{"@type":"BreadcrumbList","@id":"https:\/\/nereamendizabal.eus\/es\/miedos\/#breadcrumb","itemListElement":[{"@type":"ListItem","position":1,"name":"Portada","item":"https:\/\/nereamendizabal.eus\/es\/"},{"@type":"ListItem","position":2,"name":"MIEDOS"}]},{"@type":"WebSite","@id":"https:\/\/nereamendizabal.eus\/es\/#website","url":"https:\/\/nereamendizabal.eus\/es\/","name":"Nerea Mendizabal","description":"Comunicaci\u00f3n No Violenta","publisher":{"@id":"https:\/\/nereamendizabal.eus\/es\/#\/schema\/person\/bd256c9b2004cb1f2b7810545da489b1"},"potentialAction":[{"@type":"SearchAction","target":{"@type":"EntryPoint","urlTemplate":"https:\/\/nereamendizabal.eus\/es\/?s={search_term_string}"},"query-input":{"@type":"PropertyValueSpecification","valueRequired":true,"valueName":"search_term_string"}}],"inLanguage":"es"},{"@type":["Person","Organization"],"@id":"https:\/\/nereamendizabal.eus\/es\/#\/schema\/person\/bd256c9b2004cb1f2b7810545da489b1","name":"Nerea Mendizabal (Zestoa, 1976)","image":{"@type":"ImageObject","inLanguage":"es","@id":"https:\/\/nereamendizabal.eus\/wp-content\/uploads\/2019\/12\/Logo-Nerea-Mendizabal-movil-1x.png","url":"https:\/\/nereamendizabal.eus\/wp-content\/uploads\/2019\/12\/Logo-Nerea-Mendizabal-movil-1x.png","contentUrl":"https:\/\/nereamendizabal.eus\/wp-content\/uploads\/2019\/12\/Logo-Nerea-Mendizabal-movil-1x.png","width":237,"height":56,"caption":"Nerea Mendizabal (Zestoa, 1976)"},"logo":{"@id":"https:\/\/nereamendizabal.eus\/wp-content\/uploads\/2019\/12\/Logo-Nerea-Mendizabal-movil-1x.png"},"description":"Psikopedagogia, Gizarte hezkuntza eta Komunikazio Ez Bortitzeko ikasketei urte batzuk eskaini nizkion. Nor naizen jakiteko bidean jarraitzen dut eta jarraituko dut, erlazioetan elikatu nahian eta besteen aurkikuntza prozesuetan bidelagun izatearekin batera. Pasioa eta ogibidea bat eginda bizitzearen pribilegioa bizi dut. Azken hamarkadan materialen sorkuntzak ere biziki harrapatu nau, \u201cZutani\u201d jolas didaktikoa, \u201cZutani, bizitzako altxor kutxa\u201d aplikazioa, \u201cElkarrekin hazi\u201d eta \u201cJirafa hizkuntza\u201d liburuak, \u201cKira jirafa eta haserrearen diamanteak\u201d ipuinekin formatu desberdinetan erlazioetarako euskarriak sortuz. Eta orain oharkabean, ahots eta musikaz baliatzeak, hitzez azaldu nahi dudana kodigo sentituagoetara eraman nau. Musikak, kantuak, gitarra jotzeak eta dantzak barruko espazioetara eramaten naute, gozamena eta bizitzeko gogoa nigan bizitu egiten direlarik. Dediqu\u00e9 unos cuantos a\u00f1os a los estudios de Psicopedagog\u00eda, Educaci\u00f3n Social y Comunicaci\u00f3n No Violenta. Sigo y seguir\u00e9 en el camino de saber qui\u00e9n soy, queriendo nutrirme de las relaciones que me rodean, a la vez que acompa\u00f1o a las personas que acuden a m\u00ed en sus procesos de descubrimiento. Vivo con toda mi entrega el privilegio de unir la pasi\u00f3n y el oficio. En la \u00faltima d\u00e9cada tambi\u00e9n me he volcado en la creaci\u00f3n de materiales, como el juego did\u00e1ctico Zutani, la aplicaci\u00f3n Zutani, bizitzako altxor kutxa, los libros Crecer juntos y Lenguaje jirafa y el cuento La jirafa Kira y los diamantes del enfado, a\u00f1adiendo, en diferentes formatos, soportes complementarios que mejoren el funcionamiento de las relaciones. Y ahora, me lanzo a expresar en otro registro, ya que la expresi\u00f3n a trav\u00e9s de la m\u00fasica, el canto, la guitarra y la danza me conducen a espacios interiores m\u00e1s amplios, donde pongo en valor el disfrute y las ganas de vivir que se apoderan de m\u00ed. \u2063"}]}},"publishpress_future_workflow_manual_trigger":{"enabledWorkflows":[]},"_links":{"self":[{"href":"https:\/\/nereamendizabal.eus\/es\/wp-json\/wp\/v2\/posts\/5060","targetHints":{"allow":["GET"]}}],"collection":[{"href":"https:\/\/nereamendizabal.eus\/es\/wp-json\/wp\/v2\/posts"}],"about":[{"href":"https:\/\/nereamendizabal.eus\/es\/wp-json\/wp\/v2\/types\/post"}],"author":[{"embeddable":true,"href":"https:\/\/nereamendizabal.eus\/es\/wp-json\/wp\/v2\/users\/4"}],"replies":[{"embeddable":true,"href":"https:\/\/nereamendizabal.eus\/es\/wp-json\/wp\/v2\/comments?post=5060"}],"version-history":[{"count":1,"href":"https:\/\/nereamendizabal.eus\/es\/wp-json\/wp\/v2\/posts\/5060\/revisions"}],"predecessor-version":[{"id":5065,"href":"https:\/\/nereamendizabal.eus\/es\/wp-json\/wp\/v2\/posts\/5060\/revisions\/5065"}],"wp:featuredmedia":[{"embeddable":true,"href":"https:\/\/nereamendizabal.eus\/es\/wp-json\/wp\/v2\/media\/5062"}],"wp:attachment":[{"href":"https:\/\/nereamendizabal.eus\/es\/wp-json\/wp\/v2\/media?parent=5060"}],"wp:term":[{"taxonomy":"category","embeddable":true,"href":"https:\/\/nereamendizabal.eus\/es\/wp-json\/wp\/v2\/categories?post=5060"},{"taxonomy":"post_tag","embeddable":true,"href":"https:\/\/nereamendizabal.eus\/es\/wp-json\/wp\/v2\/tags?post=5060"}],"curies":[{"name":"wp","href":"https:\/\/api.w.org\/{rel}","templated":true}]}}