{"id":4960,"date":"2023-11-03T16:04:31","date_gmt":"2023-11-03T15:04:31","guid":{"rendered":"https:\/\/nereamendizabal.eus\/?p=4960"},"modified":"2023-11-03T16:41:15","modified_gmt":"2023-11-03T15:41:15","slug":"transformarjuicios","status":"publish","type":"post","link":"https:\/\/nereamendizabal.eus\/es\/transformarjuicios\/","title":{"rendered":"TRANSFORMAR JUICIOS"},"content":{"rendered":"<p><b>TRANSFORMAR JUICIOS. EPAIKETAK ERALDATU<\/b><\/p>\n<p>\u00bfTe juzgas? \u00bfJuzgas a los dem\u00e1s? S\u00ed. \u00bfTe juzgan? A m\u00ed tambi\u00e9n.<\/p>\n<p>&nbsp;<\/p>\n<p>Escuchar que no debemos juzgar no me resulta de ayuda. Adem\u00e1s, no creo que el ser humano pueda evitar hacerlo. No elegimos los pensamientos que aparecen en la pantalla de nuestra mente. El problema no es juzgar, sino creer que esos pensamientos son la verdad absoluta y relacionarnos bas\u00e1ndonos en ellos.<\/p>\n<p>&nbsp;<\/p>\n<p>Ver el mundo, las circunstancias y las personas desde el paradigma del bien\/mal, correcto\/incorrecto, buenos\/malos, justo o injusto nos lleva a juzgar. Se trata de un lenguaje que nos desconecta. Una clave consiste en saber que cada juicio es una expresi\u00f3n tr\u00e1gica de una necesidad insatisfecha. Esta conciencia nos permite traducir los juicios (hacia nosotros, hacia otros) en una oportunidad de aprendizaje constante, para descubrir las necesidades que est\u00e1n detr\u00e1s de ellos.<\/p>\n<p>&nbsp;<\/p>\n<p>La Comunicaci\u00f3n No Violenta (CNV) nos invita a dar la bienvenida a los juicios, escuchar y transformarlos, ya que aportan informaci\u00f3n valiosa.<\/p>\n<p>&nbsp;<\/p>\n<p>Cuando pienso que soy muy insegura, es posible que necesite confiar en m\u00ed misma. Cuando pienso que eres ego\u00edsta, lo que quiero expresar es que necesito que se tenga en cuenta lo que es importante para m\u00ed. Cuando me dices que soy despistada, entiendo que valoras la responsabilidad de cada uno y que te gustar\u00eda que se preste atenci\u00f3n a las cosas que consideras importantes.<\/p>\n<p>&nbsp;<\/p>\n<p>El lenguaje del juicio nos debilita, nos crispa y nos pone a la defensiva. El lenguaje de las necesidades nos indica el valor y la direcci\u00f3n de lo que queremos nutrir, adem\u00e1s de ubicar el asunto en su lugar correspondiente.<\/p>\n<p>&nbsp;<\/p>\n<p>Descubrir las necesidades detr\u00e1s del juicio o de las palabras nos lleva hacia la conexi\u00f3n con nosotros mismos y con los dem\u00e1s, aumentando la posibilidad de encontrar formas de enriquecer nuestras vidas y descubrir estrategias para cuidar de las necesidades o valores que emergen a trav\u00e9s de los juicios.<\/p>\n<p>&nbsp;<\/p>\n<p>No trates de acallar ese juicio. Preguntarte cu\u00e1l es la necesidad o el valor que se est\u00e1 expresando a trav\u00e9s de ese juicio puede resultarte de m\u00e1s ayuda.<\/p>\n<p>&nbsp;<\/p>\n<p>Un abrazo,<\/p>\n<p>Nerea.<\/p>\n<p>&nbsp;<\/p>\n<p>&nbsp;<\/p>\n","protected":false},"excerpt":{"rendered":"<p>TRANSFORMAR JUICIOS. EPAIKETAK ERALDATU \u00bfTe juzgas? \u00bfJuzgas a los dem\u00e1s? S\u00ed. \u00bfTe juzgan? A m\u00ed tambi\u00e9n. &nbsp; Escuchar que no debemos juzgar no me resulta de ayuda. Adem\u00e1s, no creo que el ser humano pueda evitar hacerlo. No elegimos los pensamientos que aparecen en la pantalla de nuestra mente. El problema no es juzgar, sino [&hellip;]<\/p>\n","protected":false},"author":4,"featured_media":4956,"comment_status":"closed","ping_status":"open","sticky":false,"template":"","format":"standard","meta":{"om_disable_all_campaigns":false,"footnotes":""},"categories":[60],"tags":[],"class_list":["post-4960","post","type-post","status-publish","format-standard","has-post-thumbnail","hentry","category-comunicacion-no-violenta"],"yoast_head":"<!-- This site is optimized with the Yoast SEO plugin v27.5 - https:\/\/yoast.com\/product\/yoast-seo-wordpress\/ -->\n<title>TRANSFORMAR JUICIOS - Nerea Mendizabal<\/title>\n<meta name=\"description\" content=\"\u00bfTe juzgas? \u00bfJuzgas a los dem\u00e1s? S\u00ed. \u00bfTe juzgan? A m\u00ed tambi\u00e9n.\u00a0Escuchar que no debemos juzgar no me resulta de ayuda. Adem\u00e1s, no creo que el ser humano pueda evitar hacerlo. No elegimos los pensamientos que aparecen en la pantalla de nuestra mente. El problema no es juzgar, sino creer que esos pensamientos son la verdad absoluta y relacionarnos bas\u00e1ndonos en ellos.\u00a0\" \/>\n<meta name=\"robots\" content=\"index, follow, max-snippet:-1, max-image-preview:large, max-video-preview:-1\" \/>\n<link rel=\"canonical\" href=\"https:\/\/nereamendizabal.eus\/es\/transformarjuicios\/\" \/>\n<meta property=\"og:locale\" content=\"es_ES\" \/>\n<meta property=\"og:type\" content=\"article\" \/>\n<meta property=\"og:title\" content=\"TRANSFORMAR JUICIOS - Nerea Mendizabal\" \/>\n<meta property=\"og:description\" content=\"\u00bfTe juzgas? \u00bfJuzgas a los dem\u00e1s? S\u00ed. \u00bfTe juzgan? A m\u00ed tambi\u00e9n.\u00a0Escuchar que no debemos juzgar no me resulta de ayuda. Adem\u00e1s, no creo que el ser humano pueda evitar hacerlo. No elegimos los pensamientos que aparecen en la pantalla de nuestra mente. El problema no es juzgar, sino creer que esos pensamientos son la verdad absoluta y relacionarnos bas\u00e1ndonos en ellos.\u00a0\" \/>\n<meta property=\"og:url\" content=\"https:\/\/nereamendizabal.eus\/es\/transformarjuicios\/\" \/>\n<meta property=\"og:site_name\" content=\"Nerea Mendizabal\" \/>\n<meta property=\"article:published_time\" content=\"2023-11-03T15:04:31+00:00\" \/>\n<meta property=\"article:modified_time\" content=\"2023-11-03T15:41:15+00:00\" \/>\n<meta name=\"author\" content=\"Nerea Mendizabal (Zestoa, 1976)\" \/>\n<meta name=\"twitter:card\" content=\"summary_large_image\" \/>\n<meta name=\"twitter:label1\" content=\"Escrito por\" \/>\n\t<meta name=\"twitter:data1\" content=\"Nerea Mendizabal (Zestoa, 1976)\" \/>\n\t<meta name=\"twitter:label2\" content=\"Tiempo de lectura\" \/>\n\t<meta name=\"twitter:data2\" content=\"2 minutos\" \/>\n<script type=\"application\/ld+json\" class=\"yoast-schema-graph\">{\"@context\":\"https:\\\/\\\/schema.org\",\"@graph\":[{\"@type\":\"Article\",\"@id\":\"https:\\\/\\\/nereamendizabal.eus\\\/es\\\/transformarjuicios\\\/#article\",\"isPartOf\":{\"@id\":\"https:\\\/\\\/nereamendizabal.eus\\\/es\\\/transformarjuicios\\\/\"},\"author\":{\"name\":\"Nerea Mendizabal (Zestoa, 1976)\",\"@id\":\"https:\\\/\\\/nereamendizabal.eus\\\/es\\\/#\\\/schema\\\/person\\\/bd256c9b2004cb1f2b7810545da489b1\"},\"headline\":\"TRANSFORMAR JUICIOS\",\"datePublished\":\"2023-11-03T15:04:31+00:00\",\"dateModified\":\"2023-11-03T15:41:15+00:00\",\"mainEntityOfPage\":{\"@id\":\"https:\\\/\\\/nereamendizabal.eus\\\/es\\\/transformarjuicios\\\/\"},\"wordCount\":383,\"publisher\":{\"@id\":\"https:\\\/\\\/nereamendizabal.eus\\\/es\\\/#\\\/schema\\\/person\\\/bd256c9b2004cb1f2b7810545da489b1\"},\"image\":{\"@id\":\"https:\\\/\\\/nereamendizabal.eus\\\/es\\\/transformarjuicios\\\/#primaryimage\"},\"thumbnailUrl\":\"https:\\\/\\\/nereamendizabal.eus\\\/wp-content\\\/uploads\\\/2023\\\/11\\\/Transformar-pensamientos-pdf.jpg\",\"articleSection\":[\"Comunicaci\u00f3n No Violenta\"],\"inLanguage\":\"es\"},{\"@type\":\"WebPage\",\"@id\":\"https:\\\/\\\/nereamendizabal.eus\\\/es\\\/transformarjuicios\\\/\",\"url\":\"https:\\\/\\\/nereamendizabal.eus\\\/es\\\/transformarjuicios\\\/\",\"name\":\"TRANSFORMAR JUICIOS - Nerea Mendizabal\",\"isPartOf\":{\"@id\":\"https:\\\/\\\/nereamendizabal.eus\\\/es\\\/#website\"},\"primaryImageOfPage\":{\"@id\":\"https:\\\/\\\/nereamendizabal.eus\\\/es\\\/transformarjuicios\\\/#primaryimage\"},\"image\":{\"@id\":\"https:\\\/\\\/nereamendizabal.eus\\\/es\\\/transformarjuicios\\\/#primaryimage\"},\"thumbnailUrl\":\"https:\\\/\\\/nereamendizabal.eus\\\/wp-content\\\/uploads\\\/2023\\\/11\\\/Transformar-pensamientos-pdf.jpg\",\"datePublished\":\"2023-11-03T15:04:31+00:00\",\"dateModified\":\"2023-11-03T15:41:15+00:00\",\"description\":\"\u00bfTe juzgas? \u00bfJuzgas a los dem\u00e1s? S\u00ed. \u00bfTe juzgan? A m\u00ed tambi\u00e9n.\u00a0Escuchar que no debemos juzgar no me resulta de ayuda. Adem\u00e1s, no creo que el ser humano pueda evitar hacerlo. No elegimos los pensamientos que aparecen en la pantalla de nuestra mente. El problema no es juzgar, sino creer que esos pensamientos son la verdad absoluta y relacionarnos bas\u00e1ndonos en ellos.\u00a0\",\"breadcrumb\":{\"@id\":\"https:\\\/\\\/nereamendizabal.eus\\\/es\\\/transformarjuicios\\\/#breadcrumb\"},\"inLanguage\":\"es\",\"potentialAction\":[{\"@type\":\"ReadAction\",\"target\":[\"https:\\\/\\\/nereamendizabal.eus\\\/es\\\/transformarjuicios\\\/\"]}]},{\"@type\":\"ImageObject\",\"inLanguage\":\"es\",\"@id\":\"https:\\\/\\\/nereamendizabal.eus\\\/es\\\/transformarjuicios\\\/#primaryimage\",\"url\":\"https:\\\/\\\/nereamendizabal.eus\\\/wp-content\\\/uploads\\\/2023\\\/11\\\/Transformar-pensamientos-pdf.jpg\",\"contentUrl\":\"https:\\\/\\\/nereamendizabal.eus\\\/wp-content\\\/uploads\\\/2023\\\/11\\\/Transformar-pensamientos-pdf.jpg\"},{\"@type\":\"BreadcrumbList\",\"@id\":\"https:\\\/\\\/nereamendizabal.eus\\\/es\\\/transformarjuicios\\\/#breadcrumb\",\"itemListElement\":[{\"@type\":\"ListItem\",\"position\":1,\"name\":\"Portada\",\"item\":\"https:\\\/\\\/nereamendizabal.eus\\\/es\\\/\"},{\"@type\":\"ListItem\",\"position\":2,\"name\":\"TRANSFORMAR JUICIOS\"}]},{\"@type\":\"WebSite\",\"@id\":\"https:\\\/\\\/nereamendizabal.eus\\\/es\\\/#website\",\"url\":\"https:\\\/\\\/nereamendizabal.eus\\\/es\\\/\",\"name\":\"Nerea Mendizabal\",\"description\":\"Comunicaci\u00f3n No Violenta\",\"publisher\":{\"@id\":\"https:\\\/\\\/nereamendizabal.eus\\\/es\\\/#\\\/schema\\\/person\\\/bd256c9b2004cb1f2b7810545da489b1\"},\"potentialAction\":[{\"@type\":\"SearchAction\",\"target\":{\"@type\":\"EntryPoint\",\"urlTemplate\":\"https:\\\/\\\/nereamendizabal.eus\\\/es\\\/?s={search_term_string}\"},\"query-input\":{\"@type\":\"PropertyValueSpecification\",\"valueRequired\":true,\"valueName\":\"search_term_string\"}}],\"inLanguage\":\"es\"},{\"@type\":[\"Person\",\"Organization\"],\"@id\":\"https:\\\/\\\/nereamendizabal.eus\\\/es\\\/#\\\/schema\\\/person\\\/bd256c9b2004cb1f2b7810545da489b1\",\"name\":\"Nerea Mendizabal (Zestoa, 1976)\",\"image\":{\"@type\":\"ImageObject\",\"inLanguage\":\"es\",\"@id\":\"https:\\\/\\\/nereamendizabal.eus\\\/wp-content\\\/uploads\\\/2019\\\/12\\\/Logo-Nerea-Mendizabal-movil-1x.png\",\"url\":\"https:\\\/\\\/nereamendizabal.eus\\\/wp-content\\\/uploads\\\/2019\\\/12\\\/Logo-Nerea-Mendizabal-movil-1x.png\",\"contentUrl\":\"https:\\\/\\\/nereamendizabal.eus\\\/wp-content\\\/uploads\\\/2019\\\/12\\\/Logo-Nerea-Mendizabal-movil-1x.png\",\"width\":237,\"height\":56,\"caption\":\"Nerea Mendizabal (Zestoa, 1976)\"},\"logo\":{\"@id\":\"https:\\\/\\\/nereamendizabal.eus\\\/wp-content\\\/uploads\\\/2019\\\/12\\\/Logo-Nerea-Mendizabal-movil-1x.png\"},\"description\":\"Psikopedagogia, Gizarte hezkuntza eta Komunikazio Ez Bortitzeko ikasketei urte batzuk eskaini nizkion. Nor naizen jakiteko bidean jarraitzen dut eta jarraituko dut, erlazioetan elikatu nahian eta besteen aurkikuntza prozesuetan bidelagun izatearekin batera. Pasioa eta ogibidea bat eginda bizitzearen pribilegioa bizi dut. Azken hamarkadan materialen sorkuntzak ere biziki harrapatu nau, \u201cZutani\u201d jolas didaktikoa, \u201cZutani, bizitzako altxor kutxa\u201d aplikazioa, \u201cElkarrekin hazi\u201d eta \u201cJirafa hizkuntza\u201d liburuak, \u201cKira jirafa eta haserrearen diamanteak\u201d ipuinekin formatu desberdinetan erlazioetarako euskarriak sortuz. Eta orain oharkabean, ahots eta musikaz baliatzeak, hitzez azaldu nahi dudana kodigo sentituagoetara eraman nau. Musikak, kantuak, gitarra jotzeak eta dantzak barruko espazioetara eramaten naute, gozamena eta bizitzeko gogoa nigan bizitu egiten direlarik. Dediqu\u00e9 unos cuantos a\u00f1os a los estudios de Psicopedagog\u00eda, Educaci\u00f3n Social y Comunicaci\u00f3n No Violenta. Sigo y seguir\u00e9 en el camino de saber qui\u00e9n soy, queriendo nutrirme de las relaciones que me rodean, a la vez que acompa\u00f1o a las personas que acuden a m\u00ed en sus procesos de descubrimiento. Vivo con toda mi entrega el privilegio de unir la pasi\u00f3n y el oficio. En la \u00faltima d\u00e9cada tambi\u00e9n me he volcado en la creaci\u00f3n de materiales, como el juego did\u00e1ctico Zutani, la aplicaci\u00f3n Zutani, bizitzako altxor kutxa, los libros Crecer juntos y Lenguaje jirafa y el cuento La jirafa Kira y los diamantes del enfado, a\u00f1adiendo, en diferentes formatos, soportes complementarios que mejoren el funcionamiento de las relaciones. Y ahora, me lanzo a expresar en otro registro, ya que la expresi\u00f3n a trav\u00e9s de la m\u00fasica, el canto, la guitarra y la danza me conducen a espacios interiores m\u00e1s amplios, donde pongo en valor el disfrute y las ganas de vivir que se apoderan de m\u00ed. \u2063\"}]}<\/script>\n<!-- \/ Yoast SEO plugin. -->","yoast_head_json":{"title":"TRANSFORMAR JUICIOS - Nerea Mendizabal","description":"\u00bfTe juzgas? \u00bfJuzgas a los dem\u00e1s? S\u00ed. \u00bfTe juzgan? A m\u00ed tambi\u00e9n.\u00a0Escuchar que no debemos juzgar no me resulta de ayuda. Adem\u00e1s, no creo que el ser humano pueda evitar hacerlo. No elegimos los pensamientos que aparecen en la pantalla de nuestra mente. El problema no es juzgar, sino creer que esos pensamientos son la verdad absoluta y relacionarnos bas\u00e1ndonos en ellos.\u00a0","robots":{"index":"index","follow":"follow","max-snippet":"max-snippet:-1","max-image-preview":"max-image-preview:large","max-video-preview":"max-video-preview:-1"},"canonical":"https:\/\/nereamendizabal.eus\/es\/transformarjuicios\/","og_locale":"es_ES","og_type":"article","og_title":"TRANSFORMAR JUICIOS - Nerea Mendizabal","og_description":"\u00bfTe juzgas? \u00bfJuzgas a los dem\u00e1s? S\u00ed. \u00bfTe juzgan? A m\u00ed tambi\u00e9n.\u00a0Escuchar que no debemos juzgar no me resulta de ayuda. Adem\u00e1s, no creo que el ser humano pueda evitar hacerlo. No elegimos los pensamientos que aparecen en la pantalla de nuestra mente. El problema no es juzgar, sino creer que esos pensamientos son la verdad absoluta y relacionarnos bas\u00e1ndonos en ellos.\u00a0","og_url":"https:\/\/nereamendizabal.eus\/es\/transformarjuicios\/","og_site_name":"Nerea Mendizabal","article_published_time":"2023-11-03T15:04:31+00:00","article_modified_time":"2023-11-03T15:41:15+00:00","author":"Nerea Mendizabal (Zestoa, 1976)","twitter_card":"summary_large_image","twitter_misc":{"Escrito por":"Nerea Mendizabal (Zestoa, 1976)","Tiempo de lectura":"2 minutos"},"schema":{"@context":"https:\/\/schema.org","@graph":[{"@type":"Article","@id":"https:\/\/nereamendizabal.eus\/es\/transformarjuicios\/#article","isPartOf":{"@id":"https:\/\/nereamendizabal.eus\/es\/transformarjuicios\/"},"author":{"name":"Nerea Mendizabal (Zestoa, 1976)","@id":"https:\/\/nereamendizabal.eus\/es\/#\/schema\/person\/bd256c9b2004cb1f2b7810545da489b1"},"headline":"TRANSFORMAR JUICIOS","datePublished":"2023-11-03T15:04:31+00:00","dateModified":"2023-11-03T15:41:15+00:00","mainEntityOfPage":{"@id":"https:\/\/nereamendizabal.eus\/es\/transformarjuicios\/"},"wordCount":383,"publisher":{"@id":"https:\/\/nereamendizabal.eus\/es\/#\/schema\/person\/bd256c9b2004cb1f2b7810545da489b1"},"image":{"@id":"https:\/\/nereamendizabal.eus\/es\/transformarjuicios\/#primaryimage"},"thumbnailUrl":"https:\/\/nereamendizabal.eus\/wp-content\/uploads\/2023\/11\/Transformar-pensamientos-pdf.jpg","articleSection":["Comunicaci\u00f3n No Violenta"],"inLanguage":"es"},{"@type":"WebPage","@id":"https:\/\/nereamendizabal.eus\/es\/transformarjuicios\/","url":"https:\/\/nereamendizabal.eus\/es\/transformarjuicios\/","name":"TRANSFORMAR JUICIOS - Nerea Mendizabal","isPartOf":{"@id":"https:\/\/nereamendizabal.eus\/es\/#website"},"primaryImageOfPage":{"@id":"https:\/\/nereamendizabal.eus\/es\/transformarjuicios\/#primaryimage"},"image":{"@id":"https:\/\/nereamendizabal.eus\/es\/transformarjuicios\/#primaryimage"},"thumbnailUrl":"https:\/\/nereamendizabal.eus\/wp-content\/uploads\/2023\/11\/Transformar-pensamientos-pdf.jpg","datePublished":"2023-11-03T15:04:31+00:00","dateModified":"2023-11-03T15:41:15+00:00","description":"\u00bfTe juzgas? \u00bfJuzgas a los dem\u00e1s? S\u00ed. \u00bfTe juzgan? A m\u00ed tambi\u00e9n.\u00a0Escuchar que no debemos juzgar no me resulta de ayuda. Adem\u00e1s, no creo que el ser humano pueda evitar hacerlo. No elegimos los pensamientos que aparecen en la pantalla de nuestra mente. El problema no es juzgar, sino creer que esos pensamientos son la verdad absoluta y relacionarnos bas\u00e1ndonos en ellos.\u00a0","breadcrumb":{"@id":"https:\/\/nereamendizabal.eus\/es\/transformarjuicios\/#breadcrumb"},"inLanguage":"es","potentialAction":[{"@type":"ReadAction","target":["https:\/\/nereamendizabal.eus\/es\/transformarjuicios\/"]}]},{"@type":"ImageObject","inLanguage":"es","@id":"https:\/\/nereamendizabal.eus\/es\/transformarjuicios\/#primaryimage","url":"https:\/\/nereamendizabal.eus\/wp-content\/uploads\/2023\/11\/Transformar-pensamientos-pdf.jpg","contentUrl":"https:\/\/nereamendizabal.eus\/wp-content\/uploads\/2023\/11\/Transformar-pensamientos-pdf.jpg"},{"@type":"BreadcrumbList","@id":"https:\/\/nereamendizabal.eus\/es\/transformarjuicios\/#breadcrumb","itemListElement":[{"@type":"ListItem","position":1,"name":"Portada","item":"https:\/\/nereamendizabal.eus\/es\/"},{"@type":"ListItem","position":2,"name":"TRANSFORMAR JUICIOS"}]},{"@type":"WebSite","@id":"https:\/\/nereamendizabal.eus\/es\/#website","url":"https:\/\/nereamendizabal.eus\/es\/","name":"Nerea Mendizabal","description":"Comunicaci\u00f3n No Violenta","publisher":{"@id":"https:\/\/nereamendizabal.eus\/es\/#\/schema\/person\/bd256c9b2004cb1f2b7810545da489b1"},"potentialAction":[{"@type":"SearchAction","target":{"@type":"EntryPoint","urlTemplate":"https:\/\/nereamendizabal.eus\/es\/?s={search_term_string}"},"query-input":{"@type":"PropertyValueSpecification","valueRequired":true,"valueName":"search_term_string"}}],"inLanguage":"es"},{"@type":["Person","Organization"],"@id":"https:\/\/nereamendizabal.eus\/es\/#\/schema\/person\/bd256c9b2004cb1f2b7810545da489b1","name":"Nerea Mendizabal (Zestoa, 1976)","image":{"@type":"ImageObject","inLanguage":"es","@id":"https:\/\/nereamendizabal.eus\/wp-content\/uploads\/2019\/12\/Logo-Nerea-Mendizabal-movil-1x.png","url":"https:\/\/nereamendizabal.eus\/wp-content\/uploads\/2019\/12\/Logo-Nerea-Mendizabal-movil-1x.png","contentUrl":"https:\/\/nereamendizabal.eus\/wp-content\/uploads\/2019\/12\/Logo-Nerea-Mendizabal-movil-1x.png","width":237,"height":56,"caption":"Nerea Mendizabal (Zestoa, 1976)"},"logo":{"@id":"https:\/\/nereamendizabal.eus\/wp-content\/uploads\/2019\/12\/Logo-Nerea-Mendizabal-movil-1x.png"},"description":"Psikopedagogia, Gizarte hezkuntza eta Komunikazio Ez Bortitzeko ikasketei urte batzuk eskaini nizkion. Nor naizen jakiteko bidean jarraitzen dut eta jarraituko dut, erlazioetan elikatu nahian eta besteen aurkikuntza prozesuetan bidelagun izatearekin batera. Pasioa eta ogibidea bat eginda bizitzearen pribilegioa bizi dut. Azken hamarkadan materialen sorkuntzak ere biziki harrapatu nau, \u201cZutani\u201d jolas didaktikoa, \u201cZutani, bizitzako altxor kutxa\u201d aplikazioa, \u201cElkarrekin hazi\u201d eta \u201cJirafa hizkuntza\u201d liburuak, \u201cKira jirafa eta haserrearen diamanteak\u201d ipuinekin formatu desberdinetan erlazioetarako euskarriak sortuz. Eta orain oharkabean, ahots eta musikaz baliatzeak, hitzez azaldu nahi dudana kodigo sentituagoetara eraman nau. Musikak, kantuak, gitarra jotzeak eta dantzak barruko espazioetara eramaten naute, gozamena eta bizitzeko gogoa nigan bizitu egiten direlarik. Dediqu\u00e9 unos cuantos a\u00f1os a los estudios de Psicopedagog\u00eda, Educaci\u00f3n Social y Comunicaci\u00f3n No Violenta. Sigo y seguir\u00e9 en el camino de saber qui\u00e9n soy, queriendo nutrirme de las relaciones que me rodean, a la vez que acompa\u00f1o a las personas que acuden a m\u00ed en sus procesos de descubrimiento. Vivo con toda mi entrega el privilegio de unir la pasi\u00f3n y el oficio. En la \u00faltima d\u00e9cada tambi\u00e9n me he volcado en la creaci\u00f3n de materiales, como el juego did\u00e1ctico Zutani, la aplicaci\u00f3n Zutani, bizitzako altxor kutxa, los libros Crecer juntos y Lenguaje jirafa y el cuento La jirafa Kira y los diamantes del enfado, a\u00f1adiendo, en diferentes formatos, soportes complementarios que mejoren el funcionamiento de las relaciones. Y ahora, me lanzo a expresar en otro registro, ya que la expresi\u00f3n a trav\u00e9s de la m\u00fasica, el canto, la guitarra y la danza me conducen a espacios interiores m\u00e1s amplios, donde pongo en valor el disfrute y las ganas de vivir que se apoderan de m\u00ed. \u2063"}]}},"publishpress_future_workflow_manual_trigger":{"enabledWorkflows":[]},"_links":{"self":[{"href":"https:\/\/nereamendizabal.eus\/es\/wp-json\/wp\/v2\/posts\/4960","targetHints":{"allow":["GET"]}}],"collection":[{"href":"https:\/\/nereamendizabal.eus\/es\/wp-json\/wp\/v2\/posts"}],"about":[{"href":"https:\/\/nereamendizabal.eus\/es\/wp-json\/wp\/v2\/types\/post"}],"author":[{"embeddable":true,"href":"https:\/\/nereamendizabal.eus\/es\/wp-json\/wp\/v2\/users\/4"}],"replies":[{"embeddable":true,"href":"https:\/\/nereamendizabal.eus\/es\/wp-json\/wp\/v2\/comments?post=4960"}],"version-history":[{"count":1,"href":"https:\/\/nereamendizabal.eus\/es\/wp-json\/wp\/v2\/posts\/4960\/revisions"}],"predecessor-version":[{"id":4962,"href":"https:\/\/nereamendizabal.eus\/es\/wp-json\/wp\/v2\/posts\/4960\/revisions\/4962"}],"wp:featuredmedia":[{"embeddable":true,"href":"https:\/\/nereamendizabal.eus\/es\/wp-json\/wp\/v2\/media\/4956"}],"wp:attachment":[{"href":"https:\/\/nereamendizabal.eus\/es\/wp-json\/wp\/v2\/media?parent=4960"}],"wp:term":[{"taxonomy":"category","embeddable":true,"href":"https:\/\/nereamendizabal.eus\/es\/wp-json\/wp\/v2\/categories?post=4960"},{"taxonomy":"post_tag","embeddable":true,"href":"https:\/\/nereamendizabal.eus\/es\/wp-json\/wp\/v2\/tags?post=4960"}],"curies":[{"name":"wp","href":"https:\/\/api.w.org\/{rel}","templated":true}]}}