{"id":4441,"date":"2023-01-05T19:36:55","date_gmt":"2023-01-05T18:36:55","guid":{"rendered":"https:\/\/nereamendizabal.eus\/?p=4441"},"modified":"2023-01-05T19:36:55","modified_gmt":"2023-01-05T18:36:55","slug":"expresion-honesta","status":"publish","type":"post","link":"https:\/\/nereamendizabal.eus\/es\/expresion-honesta\/","title":{"rendered":"EXPRESI\u00d3N HONESTA"},"content":{"rendered":"<h4><strong>\u00bfExpresar o no? \u00bfCu\u00e1ntas veces nos encontramos con el dilema de decir o guardar algo que quisiera expresar?<\/strong><\/h4>\n<h4><span style=\"font-weight: 400;\">Cuando no lo decimos, podemos pretender evitar conflictos; es posible que queramos ser amables, buscar la uni\u00f3n con el otro o nuestra manera de ser aceptados. En cambio, cuando de una manera u otra elegimos poner palabra, nos puede impulsar a compartir el querer dar importancia a la honestidad, a la transparencia o a la propia verdad.<\/span><\/h4>\n<h4><span style=\"font-weight: 400;\">Nos gustar\u00eda expresar sin causar incomodidades. Podemos tener miedo de ofender a alguien y no sabemos c\u00f3mo hacerlo. Pero muchas veces podemos complicar m\u00e1s las situaciones, porque lo que no se ha dicho no deja de existir.<\/span><\/h4>\n<h4><span style=\"font-weight: 400;\">Al igual que cuando tememos acabar con una relaci\u00f3n de pareja, por no terminarla a tiempo, podemos estar actuando de forma puede provocar m\u00e1s da\u00f1o a la pareja. Exprese o no la incomodidad o el malestar, est\u00e1 en mi interior, y la otra persona o relaci\u00f3n pagar\u00e1 ese peaje. A menudo provocamos lo que no queremos y en algunos casos, multiplicado.<\/span><span style=\"font-weight: 400;\"><br \/>\n<\/span><\/h4>\n<h4><span style=\"font-weight: 400;\">Exprese o no\u2026 \u00bfquiero dar voz a mi verdad? \u00bfO quiero evitar el dolor del otro? A veces quiero evitar el conflicto, pero el conflicto que no saco fuera, lo puedo llevar dentro de m\u00ed. Es cierto que la otra persona puede digerir con dolor. Eso no lo podr\u00e9 evitar. En cambio, a la hora de explicar lo que me pasa a m\u00ed puedo hablar de m\u00ed de la forma m\u00e1s cuidadosa posible. Y esto s\u00ed depende de m\u00ed.<\/span><\/h4>\n<h4><span style=\"font-weight: 400;\">De este modo, sin restar importancia a las propias vivencias, podemos:<\/span><\/h4>\n<ol>\n<li style=\"font-weight: 400;\" aria-level=\"1\">\n<h4><span style=\"font-weight: 400;\">Empezar a valorar y respetar la propia verdad.<\/span><\/h4>\n<\/li>\n<li style=\"font-weight: 400;\" aria-level=\"1\">\n<h4><span style=\"font-weight: 400;\">Reforzar la relaci\u00f3n. De hecho, nuestra declaraci\u00f3n ser\u00e1 una oportunidad para crear conexi\u00f3n con los dem\u00e1s.<\/span><\/h4>\n<\/li>\n<li style=\"font-weight: 400;\" aria-level=\"1\">\n<h4><span style=\"font-weight: 400;\">El otro podr\u00e1 confiar en nosotros.<\/span><\/h4>\n<\/li>\n<\/ol>\n<h4><span style=\"font-weight: 400;\">Lo dicho si genera incomodidad o molestia, podemos escucharle con empat\u00eda. En la conversaci\u00f3n, si mantenemos la intenci\u00f3n de encontrar soluciones que nos funcionen a los dos, lo m\u00e1s probable es que acabemos m\u00e1s cerca el uno del otro.<\/span><\/h4>\n<h4><span style=\"font-weight: 400;\">Me resulta curioso ver que, queriendo ofrecer el cuidado que quiero para las personas, en diferentes situaciones no me tengo en cuenta en otros aspectos que considero importantes. Cuando quiero y puedo s\u00e9 que puedo expresar mi verdad con respeto a los dem\u00e1s. \u00bfY t\u00fa? \u00bfA qui\u00e9n, qu\u00e9 y c\u00f3mo quieres expresarte? \u00bfEn qu\u00e9 circunstancias te atrever\u00e1s?<\/span><\/h4>\n<h4><\/h4>\n","protected":false},"excerpt":{"rendered":"<p>\u00bfExpresar o no? \u00bfCu\u00e1ntas veces nos encontramos con el dilema de decir o guardar algo que quisiera expresar? Cuando no lo decimos, podemos pretender evitar conflictos; es posible que queramos ser amables, buscar la uni\u00f3n con el otro o nuestra manera de ser aceptados. En cambio, cuando de una manera u otra elegimos poner palabra, [&hellip;]<\/p>\n","protected":false},"author":4,"featured_media":4439,"comment_status":"closed","ping_status":"open","sticky":false,"template":"","format":"standard","meta":{"om_disable_all_campaigns":false,"footnotes":""},"categories":[40],"tags":[],"class_list":["post-4441","post","type-post","status-publish","format-standard","has-post-thumbnail","hentry","category-sin-categorizar"],"yoast_head":"<!-- This site is optimized with the Yoast SEO plugin v27.5 - https:\/\/yoast.com\/product\/yoast-seo-wordpress\/ -->\n<title>EXPRESI\u00d3N HONESTA - Nerea Mendizabal<\/title>\n<meta name=\"description\" content=\"\u00bfExpresar o no? \u00bfCu\u00e1ntas veces nos encontramos con el dilema de decir o guardar algo que quisiera expresar? Nos gustar\u00eda expresar sin causar incomodidades. Podemos tener miedo de ofender a alguien y no sabemos c\u00f3mo hacerlo. Pero muchas veces podemos complicar m\u00e1s las situaciones, porque lo que no se ha dicho no deja de existir.\" \/>\n<meta name=\"robots\" content=\"index, follow, max-snippet:-1, max-image-preview:large, max-video-preview:-1\" \/>\n<link rel=\"canonical\" href=\"https:\/\/nereamendizabal.eus\/es\/expresion-honesta\/\" \/>\n<meta property=\"og:locale\" content=\"es_ES\" \/>\n<meta property=\"og:type\" content=\"article\" \/>\n<meta property=\"og:title\" content=\"EXPRESI\u00d3N HONESTA - Nerea Mendizabal\" \/>\n<meta property=\"og:description\" content=\"\u00bfExpresar o no? \u00bfCu\u00e1ntas veces nos encontramos con el dilema de decir o guardar algo que quisiera expresar? Nos gustar\u00eda expresar sin causar incomodidades. Podemos tener miedo de ofender a alguien y no sabemos c\u00f3mo hacerlo. Pero muchas veces podemos complicar m\u00e1s las situaciones, porque lo que no se ha dicho no deja de existir.\" \/>\n<meta property=\"og:url\" content=\"https:\/\/nereamendizabal.eus\/es\/expresion-honesta\/\" \/>\n<meta property=\"og:site_name\" content=\"Nerea Mendizabal\" \/>\n<meta property=\"article:published_time\" content=\"2023-01-05T18:36:55+00:00\" \/>\n<meta property=\"og:image\" content=\"https:\/\/nereamendizabal.eus\/wp-content\/uploads\/2023\/01\/Anadir-un-subtitulo-1920-\u00d7-1280-px-3.jpg\" \/>\n\t<meta property=\"og:image:width\" content=\"1920\" \/>\n\t<meta property=\"og:image:height\" content=\"1280\" \/>\n\t<meta property=\"og:image:type\" content=\"image\/jpeg\" \/>\n<meta name=\"author\" content=\"Nerea Mendizabal (Zestoa, 1976)\" \/>\n<meta name=\"twitter:card\" content=\"summary_large_image\" \/>\n<meta name=\"twitter:label1\" content=\"Escrito por\" \/>\n\t<meta name=\"twitter:data1\" content=\"Nerea Mendizabal (Zestoa, 1976)\" \/>\n\t<meta name=\"twitter:label2\" content=\"Tiempo de lectura\" \/>\n\t<meta name=\"twitter:data2\" content=\"3 minutos\" \/>\n<script type=\"application\/ld+json\" class=\"yoast-schema-graph\">{\"@context\":\"https:\\\/\\\/schema.org\",\"@graph\":[{\"@type\":\"Article\",\"@id\":\"https:\\\/\\\/nereamendizabal.eus\\\/es\\\/expresion-honesta\\\/#article\",\"isPartOf\":{\"@id\":\"https:\\\/\\\/nereamendizabal.eus\\\/es\\\/expresion-honesta\\\/\"},\"author\":{\"name\":\"Nerea Mendizabal (Zestoa, 1976)\",\"@id\":\"https:\\\/\\\/nereamendizabal.eus\\\/es\\\/#\\\/schema\\\/person\\\/bd256c9b2004cb1f2b7810545da489b1\"},\"headline\":\"EXPRESI\u00d3N HONESTA\",\"datePublished\":\"2023-01-05T18:36:55+00:00\",\"mainEntityOfPage\":{\"@id\":\"https:\\\/\\\/nereamendizabal.eus\\\/es\\\/expresion-honesta\\\/\"},\"wordCount\":415,\"publisher\":{\"@id\":\"https:\\\/\\\/nereamendizabal.eus\\\/es\\\/#\\\/schema\\\/person\\\/bd256c9b2004cb1f2b7810545da489b1\"},\"image\":{\"@id\":\"https:\\\/\\\/nereamendizabal.eus\\\/es\\\/expresion-honesta\\\/#primaryimage\"},\"thumbnailUrl\":\"https:\\\/\\\/nereamendizabal.eus\\\/wp-content\\\/uploads\\\/2023\\\/01\\\/Anadir-un-subtitulo-1920-\u00d7-1280-px-3.jpg\",\"articleSection\":[\"Sin categorizar\"],\"inLanguage\":\"es\"},{\"@type\":\"WebPage\",\"@id\":\"https:\\\/\\\/nereamendizabal.eus\\\/es\\\/expresion-honesta\\\/\",\"url\":\"https:\\\/\\\/nereamendizabal.eus\\\/es\\\/expresion-honesta\\\/\",\"name\":\"EXPRESI\u00d3N HONESTA - Nerea Mendizabal\",\"isPartOf\":{\"@id\":\"https:\\\/\\\/nereamendizabal.eus\\\/es\\\/#website\"},\"primaryImageOfPage\":{\"@id\":\"https:\\\/\\\/nereamendizabal.eus\\\/es\\\/expresion-honesta\\\/#primaryimage\"},\"image\":{\"@id\":\"https:\\\/\\\/nereamendizabal.eus\\\/es\\\/expresion-honesta\\\/#primaryimage\"},\"thumbnailUrl\":\"https:\\\/\\\/nereamendizabal.eus\\\/wp-content\\\/uploads\\\/2023\\\/01\\\/Anadir-un-subtitulo-1920-\u00d7-1280-px-3.jpg\",\"datePublished\":\"2023-01-05T18:36:55+00:00\",\"description\":\"\u00bfExpresar o no? \u00bfCu\u00e1ntas veces nos encontramos con el dilema de decir o guardar algo que quisiera expresar? Nos gustar\u00eda expresar sin causar incomodidades. Podemos tener miedo de ofender a alguien y no sabemos c\u00f3mo hacerlo. Pero muchas veces podemos complicar m\u00e1s las situaciones, porque lo que no se ha dicho no deja de existir.\",\"breadcrumb\":{\"@id\":\"https:\\\/\\\/nereamendizabal.eus\\\/es\\\/expresion-honesta\\\/#breadcrumb\"},\"inLanguage\":\"es\",\"potentialAction\":[{\"@type\":\"ReadAction\",\"target\":[\"https:\\\/\\\/nereamendizabal.eus\\\/es\\\/expresion-honesta\\\/\"]}]},{\"@type\":\"ImageObject\",\"inLanguage\":\"es\",\"@id\":\"https:\\\/\\\/nereamendizabal.eus\\\/es\\\/expresion-honesta\\\/#primaryimage\",\"url\":\"https:\\\/\\\/nereamendizabal.eus\\\/wp-content\\\/uploads\\\/2023\\\/01\\\/Anadir-un-subtitulo-1920-\u00d7-1280-px-3.jpg\",\"contentUrl\":\"https:\\\/\\\/nereamendizabal.eus\\\/wp-content\\\/uploads\\\/2023\\\/01\\\/Anadir-un-subtitulo-1920-\u00d7-1280-px-3.jpg\",\"width\":1920,\"height\":1280},{\"@type\":\"BreadcrumbList\",\"@id\":\"https:\\\/\\\/nereamendizabal.eus\\\/es\\\/expresion-honesta\\\/#breadcrumb\",\"itemListElement\":[{\"@type\":\"ListItem\",\"position\":1,\"name\":\"Portada\",\"item\":\"https:\\\/\\\/nereamendizabal.eus\\\/es\\\/\"},{\"@type\":\"ListItem\",\"position\":2,\"name\":\"EXPRESI\u00d3N HONESTA\"}]},{\"@type\":\"WebSite\",\"@id\":\"https:\\\/\\\/nereamendizabal.eus\\\/es\\\/#website\",\"url\":\"https:\\\/\\\/nereamendizabal.eus\\\/es\\\/\",\"name\":\"Nerea Mendizabal\",\"description\":\"Comunicaci\u00f3n No Violenta\",\"publisher\":{\"@id\":\"https:\\\/\\\/nereamendizabal.eus\\\/es\\\/#\\\/schema\\\/person\\\/bd256c9b2004cb1f2b7810545da489b1\"},\"potentialAction\":[{\"@type\":\"SearchAction\",\"target\":{\"@type\":\"EntryPoint\",\"urlTemplate\":\"https:\\\/\\\/nereamendizabal.eus\\\/es\\\/?s={search_term_string}\"},\"query-input\":{\"@type\":\"PropertyValueSpecification\",\"valueRequired\":true,\"valueName\":\"search_term_string\"}}],\"inLanguage\":\"es\"},{\"@type\":[\"Person\",\"Organization\"],\"@id\":\"https:\\\/\\\/nereamendizabal.eus\\\/es\\\/#\\\/schema\\\/person\\\/bd256c9b2004cb1f2b7810545da489b1\",\"name\":\"Nerea Mendizabal (Zestoa, 1976)\",\"image\":{\"@type\":\"ImageObject\",\"inLanguage\":\"es\",\"@id\":\"https:\\\/\\\/nereamendizabal.eus\\\/wp-content\\\/uploads\\\/2019\\\/12\\\/Logo-Nerea-Mendizabal-movil-1x.png\",\"url\":\"https:\\\/\\\/nereamendizabal.eus\\\/wp-content\\\/uploads\\\/2019\\\/12\\\/Logo-Nerea-Mendizabal-movil-1x.png\",\"contentUrl\":\"https:\\\/\\\/nereamendizabal.eus\\\/wp-content\\\/uploads\\\/2019\\\/12\\\/Logo-Nerea-Mendizabal-movil-1x.png\",\"width\":237,\"height\":56,\"caption\":\"Nerea Mendizabal (Zestoa, 1976)\"},\"logo\":{\"@id\":\"https:\\\/\\\/nereamendizabal.eus\\\/wp-content\\\/uploads\\\/2019\\\/12\\\/Logo-Nerea-Mendizabal-movil-1x.png\"},\"description\":\"Psikopedagogia, Gizarte hezkuntza eta Komunikazio Ez Bortitzeko ikasketei urte batzuk eskaini nizkion. Nor naizen jakiteko bidean jarraitzen dut eta jarraituko dut, erlazioetan elikatu nahian eta besteen aurkikuntza prozesuetan bidelagun izatearekin batera. Pasioa eta ogibidea bat eginda bizitzearen pribilegioa bizi dut. Azken hamarkadan materialen sorkuntzak ere biziki harrapatu nau, \u201cZutani\u201d jolas didaktikoa, \u201cZutani, bizitzako altxor kutxa\u201d aplikazioa, \u201cElkarrekin hazi\u201d eta \u201cJirafa hizkuntza\u201d liburuak, \u201cKira jirafa eta haserrearen diamanteak\u201d ipuinekin formatu desberdinetan erlazioetarako euskarriak sortuz. Eta orain oharkabean, ahots eta musikaz baliatzeak, hitzez azaldu nahi dudana kodigo sentituagoetara eraman nau. Musikak, kantuak, gitarra jotzeak eta dantzak barruko espazioetara eramaten naute, gozamena eta bizitzeko gogoa nigan bizitu egiten direlarik. Dediqu\u00e9 unos cuantos a\u00f1os a los estudios de Psicopedagog\u00eda, Educaci\u00f3n Social y Comunicaci\u00f3n No Violenta. Sigo y seguir\u00e9 en el camino de saber qui\u00e9n soy, queriendo nutrirme de las relaciones que me rodean, a la vez que acompa\u00f1o a las personas que acuden a m\u00ed en sus procesos de descubrimiento. Vivo con toda mi entrega el privilegio de unir la pasi\u00f3n y el oficio. En la \u00faltima d\u00e9cada tambi\u00e9n me he volcado en la creaci\u00f3n de materiales, como el juego did\u00e1ctico Zutani, la aplicaci\u00f3n Zutani, bizitzako altxor kutxa, los libros Crecer juntos y Lenguaje jirafa y el cuento La jirafa Kira y los diamantes del enfado, a\u00f1adiendo, en diferentes formatos, soportes complementarios que mejoren el funcionamiento de las relaciones. Y ahora, me lanzo a expresar en otro registro, ya que la expresi\u00f3n a trav\u00e9s de la m\u00fasica, el canto, la guitarra y la danza me conducen a espacios interiores m\u00e1s amplios, donde pongo en valor el disfrute y las ganas de vivir que se apoderan de m\u00ed. \u2063\"}]}<\/script>\n<!-- \/ Yoast SEO plugin. -->","yoast_head_json":{"title":"EXPRESI\u00d3N HONESTA - Nerea Mendizabal","description":"\u00bfExpresar o no? \u00bfCu\u00e1ntas veces nos encontramos con el dilema de decir o guardar algo que quisiera expresar? Nos gustar\u00eda expresar sin causar incomodidades. Podemos tener miedo de ofender a alguien y no sabemos c\u00f3mo hacerlo. Pero muchas veces podemos complicar m\u00e1s las situaciones, porque lo que no se ha dicho no deja de existir.","robots":{"index":"index","follow":"follow","max-snippet":"max-snippet:-1","max-image-preview":"max-image-preview:large","max-video-preview":"max-video-preview:-1"},"canonical":"https:\/\/nereamendizabal.eus\/es\/expresion-honesta\/","og_locale":"es_ES","og_type":"article","og_title":"EXPRESI\u00d3N HONESTA - Nerea Mendizabal","og_description":"\u00bfExpresar o no? \u00bfCu\u00e1ntas veces nos encontramos con el dilema de decir o guardar algo que quisiera expresar? Nos gustar\u00eda expresar sin causar incomodidades. Podemos tener miedo de ofender a alguien y no sabemos c\u00f3mo hacerlo. Pero muchas veces podemos complicar m\u00e1s las situaciones, porque lo que no se ha dicho no deja de existir.","og_url":"https:\/\/nereamendizabal.eus\/es\/expresion-honesta\/","og_site_name":"Nerea Mendizabal","article_published_time":"2023-01-05T18:36:55+00:00","og_image":[{"width":1920,"height":1280,"url":"https:\/\/nereamendizabal.eus\/wp-content\/uploads\/2023\/01\/Anadir-un-subtitulo-1920-\u00d7-1280-px-3.jpg","type":"image\/jpeg"}],"author":"Nerea Mendizabal (Zestoa, 1976)","twitter_card":"summary_large_image","twitter_misc":{"Escrito por":"Nerea Mendizabal (Zestoa, 1976)","Tiempo de lectura":"3 minutos"},"schema":{"@context":"https:\/\/schema.org","@graph":[{"@type":"Article","@id":"https:\/\/nereamendizabal.eus\/es\/expresion-honesta\/#article","isPartOf":{"@id":"https:\/\/nereamendizabal.eus\/es\/expresion-honesta\/"},"author":{"name":"Nerea Mendizabal (Zestoa, 1976)","@id":"https:\/\/nereamendizabal.eus\/es\/#\/schema\/person\/bd256c9b2004cb1f2b7810545da489b1"},"headline":"EXPRESI\u00d3N HONESTA","datePublished":"2023-01-05T18:36:55+00:00","mainEntityOfPage":{"@id":"https:\/\/nereamendizabal.eus\/es\/expresion-honesta\/"},"wordCount":415,"publisher":{"@id":"https:\/\/nereamendizabal.eus\/es\/#\/schema\/person\/bd256c9b2004cb1f2b7810545da489b1"},"image":{"@id":"https:\/\/nereamendizabal.eus\/es\/expresion-honesta\/#primaryimage"},"thumbnailUrl":"https:\/\/nereamendizabal.eus\/wp-content\/uploads\/2023\/01\/Anadir-un-subtitulo-1920-\u00d7-1280-px-3.jpg","articleSection":["Sin categorizar"],"inLanguage":"es"},{"@type":"WebPage","@id":"https:\/\/nereamendizabal.eus\/es\/expresion-honesta\/","url":"https:\/\/nereamendizabal.eus\/es\/expresion-honesta\/","name":"EXPRESI\u00d3N HONESTA - Nerea Mendizabal","isPartOf":{"@id":"https:\/\/nereamendizabal.eus\/es\/#website"},"primaryImageOfPage":{"@id":"https:\/\/nereamendizabal.eus\/es\/expresion-honesta\/#primaryimage"},"image":{"@id":"https:\/\/nereamendizabal.eus\/es\/expresion-honesta\/#primaryimage"},"thumbnailUrl":"https:\/\/nereamendizabal.eus\/wp-content\/uploads\/2023\/01\/Anadir-un-subtitulo-1920-\u00d7-1280-px-3.jpg","datePublished":"2023-01-05T18:36:55+00:00","description":"\u00bfExpresar o no? \u00bfCu\u00e1ntas veces nos encontramos con el dilema de decir o guardar algo que quisiera expresar? Nos gustar\u00eda expresar sin causar incomodidades. Podemos tener miedo de ofender a alguien y no sabemos c\u00f3mo hacerlo. Pero muchas veces podemos complicar m\u00e1s las situaciones, porque lo que no se ha dicho no deja de existir.","breadcrumb":{"@id":"https:\/\/nereamendizabal.eus\/es\/expresion-honesta\/#breadcrumb"},"inLanguage":"es","potentialAction":[{"@type":"ReadAction","target":["https:\/\/nereamendizabal.eus\/es\/expresion-honesta\/"]}]},{"@type":"ImageObject","inLanguage":"es","@id":"https:\/\/nereamendizabal.eus\/es\/expresion-honesta\/#primaryimage","url":"https:\/\/nereamendizabal.eus\/wp-content\/uploads\/2023\/01\/Anadir-un-subtitulo-1920-\u00d7-1280-px-3.jpg","contentUrl":"https:\/\/nereamendizabal.eus\/wp-content\/uploads\/2023\/01\/Anadir-un-subtitulo-1920-\u00d7-1280-px-3.jpg","width":1920,"height":1280},{"@type":"BreadcrumbList","@id":"https:\/\/nereamendizabal.eus\/es\/expresion-honesta\/#breadcrumb","itemListElement":[{"@type":"ListItem","position":1,"name":"Portada","item":"https:\/\/nereamendizabal.eus\/es\/"},{"@type":"ListItem","position":2,"name":"EXPRESI\u00d3N HONESTA"}]},{"@type":"WebSite","@id":"https:\/\/nereamendizabal.eus\/es\/#website","url":"https:\/\/nereamendizabal.eus\/es\/","name":"Nerea Mendizabal","description":"Comunicaci\u00f3n No Violenta","publisher":{"@id":"https:\/\/nereamendizabal.eus\/es\/#\/schema\/person\/bd256c9b2004cb1f2b7810545da489b1"},"potentialAction":[{"@type":"SearchAction","target":{"@type":"EntryPoint","urlTemplate":"https:\/\/nereamendizabal.eus\/es\/?s={search_term_string}"},"query-input":{"@type":"PropertyValueSpecification","valueRequired":true,"valueName":"search_term_string"}}],"inLanguage":"es"},{"@type":["Person","Organization"],"@id":"https:\/\/nereamendizabal.eus\/es\/#\/schema\/person\/bd256c9b2004cb1f2b7810545da489b1","name":"Nerea Mendizabal (Zestoa, 1976)","image":{"@type":"ImageObject","inLanguage":"es","@id":"https:\/\/nereamendizabal.eus\/wp-content\/uploads\/2019\/12\/Logo-Nerea-Mendizabal-movil-1x.png","url":"https:\/\/nereamendizabal.eus\/wp-content\/uploads\/2019\/12\/Logo-Nerea-Mendizabal-movil-1x.png","contentUrl":"https:\/\/nereamendizabal.eus\/wp-content\/uploads\/2019\/12\/Logo-Nerea-Mendizabal-movil-1x.png","width":237,"height":56,"caption":"Nerea Mendizabal (Zestoa, 1976)"},"logo":{"@id":"https:\/\/nereamendizabal.eus\/wp-content\/uploads\/2019\/12\/Logo-Nerea-Mendizabal-movil-1x.png"},"description":"Psikopedagogia, Gizarte hezkuntza eta Komunikazio Ez Bortitzeko ikasketei urte batzuk eskaini nizkion. Nor naizen jakiteko bidean jarraitzen dut eta jarraituko dut, erlazioetan elikatu nahian eta besteen aurkikuntza prozesuetan bidelagun izatearekin batera. Pasioa eta ogibidea bat eginda bizitzearen pribilegioa bizi dut. Azken hamarkadan materialen sorkuntzak ere biziki harrapatu nau, \u201cZutani\u201d jolas didaktikoa, \u201cZutani, bizitzako altxor kutxa\u201d aplikazioa, \u201cElkarrekin hazi\u201d eta \u201cJirafa hizkuntza\u201d liburuak, \u201cKira jirafa eta haserrearen diamanteak\u201d ipuinekin formatu desberdinetan erlazioetarako euskarriak sortuz. Eta orain oharkabean, ahots eta musikaz baliatzeak, hitzez azaldu nahi dudana kodigo sentituagoetara eraman nau. Musikak, kantuak, gitarra jotzeak eta dantzak barruko espazioetara eramaten naute, gozamena eta bizitzeko gogoa nigan bizitu egiten direlarik. Dediqu\u00e9 unos cuantos a\u00f1os a los estudios de Psicopedagog\u00eda, Educaci\u00f3n Social y Comunicaci\u00f3n No Violenta. Sigo y seguir\u00e9 en el camino de saber qui\u00e9n soy, queriendo nutrirme de las relaciones que me rodean, a la vez que acompa\u00f1o a las personas que acuden a m\u00ed en sus procesos de descubrimiento. Vivo con toda mi entrega el privilegio de unir la pasi\u00f3n y el oficio. En la \u00faltima d\u00e9cada tambi\u00e9n me he volcado en la creaci\u00f3n de materiales, como el juego did\u00e1ctico Zutani, la aplicaci\u00f3n Zutani, bizitzako altxor kutxa, los libros Crecer juntos y Lenguaje jirafa y el cuento La jirafa Kira y los diamantes del enfado, a\u00f1adiendo, en diferentes formatos, soportes complementarios que mejoren el funcionamiento de las relaciones. Y ahora, me lanzo a expresar en otro registro, ya que la expresi\u00f3n a trav\u00e9s de la m\u00fasica, el canto, la guitarra y la danza me conducen a espacios interiores m\u00e1s amplios, donde pongo en valor el disfrute y las ganas de vivir que se apoderan de m\u00ed. \u2063"}]}},"publishpress_future_workflow_manual_trigger":{"enabledWorkflows":[]},"_links":{"self":[{"href":"https:\/\/nereamendizabal.eus\/es\/wp-json\/wp\/v2\/posts\/4441","targetHints":{"allow":["GET"]}}],"collection":[{"href":"https:\/\/nereamendizabal.eus\/es\/wp-json\/wp\/v2\/posts"}],"about":[{"href":"https:\/\/nereamendizabal.eus\/es\/wp-json\/wp\/v2\/types\/post"}],"author":[{"embeddable":true,"href":"https:\/\/nereamendizabal.eus\/es\/wp-json\/wp\/v2\/users\/4"}],"replies":[{"embeddable":true,"href":"https:\/\/nereamendizabal.eus\/es\/wp-json\/wp\/v2\/comments?post=4441"}],"version-history":[{"count":1,"href":"https:\/\/nereamendizabal.eus\/es\/wp-json\/wp\/v2\/posts\/4441\/revisions"}],"predecessor-version":[{"id":4448,"href":"https:\/\/nereamendizabal.eus\/es\/wp-json\/wp\/v2\/posts\/4441\/revisions\/4448"}],"wp:featuredmedia":[{"embeddable":true,"href":"https:\/\/nereamendizabal.eus\/es\/wp-json\/wp\/v2\/media\/4439"}],"wp:attachment":[{"href":"https:\/\/nereamendizabal.eus\/es\/wp-json\/wp\/v2\/media?parent=4441"}],"wp:term":[{"taxonomy":"category","embeddable":true,"href":"https:\/\/nereamendizabal.eus\/es\/wp-json\/wp\/v2\/categories?post=4441"},{"taxonomy":"post_tag","embeddable":true,"href":"https:\/\/nereamendizabal.eus\/es\/wp-json\/wp\/v2\/tags?post=4441"}],"curies":[{"name":"wp","href":"https:\/\/api.w.org\/{rel}","templated":true}]}}