{"id":1930,"date":"2020-03-26T19:54:01","date_gmt":"2020-03-26T18:54:01","guid":{"rendered":"https:\/\/nereamendizabal.eus\/?p=1930"},"modified":"2020-03-26T19:57:10","modified_gmt":"2020-03-26T18:57:10","slug":"como-utilizar-nuestra-autoridad-paterna-o-materna","status":"publish","type":"post","link":"https:\/\/nereamendizabal.eus\/es\/como-utilizar-nuestra-autoridad-paterna-o-materna\/","title":{"rendered":"Como utilizar nuestra autoridad paterna o materna"},"content":{"rendered":"<h2>Como utilizar nuestra autoridad paterna o materna<\/h2>\n<p>Art\u00edculo escrito para guraso.eus<\/p>\n<p>Los padres y las madres queremos educar a nuestros hij@s lo mejor que podamos, con lo mejor que tenemos y sabemos. Nos encontramos en una posici\u00f3n de autoridad y podemos decidir c\u00f3mo utilizar nuestro poder.<\/p>\n<p>Revisando el significado de la palabra \u201cautoridad\u201drecojo en el diccionario que es la facultad o derecho de mandar o gobernar a personas que est\u00e1n subordinadas. Ahora bien, \u00bfla autoridad nos viene por la condici\u00f3n de ser padres y madres o se nos otorga? Yo puedo sentirme autoridad, pero mis hij@s no considerarme as\u00ed. Los adultos tambi\u00e9n tenemos personas que se sienten autoridad (ya sea un pol\u00edtico, empresario, m\u00e9dico, polic\u00eda \u2026) pero no a todos les ofrecemos la misma consideraci\u00f3n. \u00bfQu\u00e9 caracter\u00edsticas cumplen las personas que consideramos referentes?<\/p>\n<p>En general, considero una persona como con autoridad aquella que posee conocimientos, capacidad de escucha y comprensi\u00f3n, que trata de establecer las normas que sean estables, razonables, coherentes (no arbitrarias), que tiene en cuenta los intereses y opiniones de l@s dem\u00e1s, que ofrece oportunidades de negociaci\u00f3n y mantiene un clima o estilo relacional flexible en su forma de comunicar.<\/p>\n<p>Una persona en posici\u00f3n de \u201cautoridad\u201dpuede utilizar un poder con personas dependientes. Pero \u00bfde qu\u00e9 tipo de poder se vale? Como padres y madres podemos utilizar todo nuestro PODER SOBRE nuestros hij@s o podemos utilizar nuestro PODER CON ell@s. Es muy tentador utilizar el poder f\u00edsico, emocional, pr\u00e1ctico o funcional con aquell@s que vemos peque\u00f1@s o d\u00e9biles, en muchas ocasiones apelando a su bien. Tenemos diferentes t\u00e1cticas para lograr aquello que creemos que deber\u00edan de hacer (dar \u00f3rdenes, amenazar, castigar, hacerl@s sentirse culpables \u2026). A menudo podemos sentir que este estrategia funciona (aun cuando no constatemos realmente su eficacia o \u00e9sta no sea duradera) o que no existen otras posibilidades m\u00e1s all\u00e1 de lo que conocemos en el momento en que necesitamos hacer uso de nuestra autoridad.<\/p>\n<p>Y s\u00ed, si buscamos que los ni\u00f1os se sumen a nuestras exigencias y obedezcan, a veces funciona, ya que algun@s terminar\u00e1n haciendo lo que se les pide por miedo o por el deseo de agradarnos. Ahora bien, si queremos tener las m\u00e1ximas probabilidades de que realicen su quehacer desde las ganas de colaborar o si tratamos de alimentar el criterio propio, reforzando la autoestima, la autonom\u00eda y la confianza en ellos mismos, es posible que no funcione. Adem\u00e1s, no ser\u00eda la v\u00eda m\u00e1s f\u00e1cil o eficaz para cuidar la relaci\u00f3n que deseamos tener con las personas que m\u00e1s queremos.<br \/>\nEntonces, \u00bfqu\u00e9 significa utilizar el PODER CON el otro? Queremos hacer valer todo el poder que tenemos como padres junto con el poder de nuestr@ hij@. Queremos encontrar y cuidar lo que es importante para m\u00ed, para cada un@ de nosotr@s y para \u00e9l o ella, a fin de poder encontrar una soluci\u00f3n que pueda beneficiar a ambos. Y con este enfoque, pretendo dar prioridad a buscar el entendimiento mutuo, en lugar de querer educar a trav\u00e9s de la exigencia.<br \/>\nEl ser humano lleva consigo el deseo de colaborar. Es una de las necesidades universales que nos caracteriza a los humanos. Nos importa el bienestar de los dem\u00e1s y nos acompa\u00f1a el deseo interno de ofrecer apoyo. El ni\u00f1o peque\u00f1o ofrece pan de forma desinteresada a los patos, sin esperar recibir nada a cambio. Al mismo tiempo, esto no significa que estemos dispuestos a colaborar en todo momento y con todos. El apoyo y la donaci\u00f3n al otr@ se realizan de forma natural cuando no interfieren alguna de las siguientes condiciones:<br \/>\n. cuando mis necesidades est\u00e1n cubiertas y por lo tanto, estoy fuerte, con tiempo suficiente, con un estado emocional favorable; si entonces el ni\u00f1o llora por ejemplo, porque quiere jugar conmigo, tengo mejores posibilidades para darle espacio y colaborar con su petici\u00f3n. En cambio, si estoy cansada o yo misma necesito comprensi\u00f3n, no tendr\u00e9 suficiente est\u00edmulo para satisfacer las necesidades del ni\u00f1o.<br \/>\n. cuando siento que lo m\u00edo tambi\u00e9n importa a los otr@s, entonces podemos estar disponibles para ell@s, pero si empiezo a pensar que al otr@ no le importo, se diluyen o se nos vanlas ganas de ayudar al otr@.<br \/>\n. cuando me siento libre de elegir, puedo ofrecer lo que me piden, pues el hecho de sentirnos exigid@s estorba a nuestra voluntad de dar. Si alguien acude con exigencias o con amenazas, es muy probable que mi deseo de colaborar pierda consistencia.<br \/>\nAlgo similar suele ocurrir tambi\u00e9n con nuestr@s hij@s. Cuando sus necesidades est\u00e1n satisfechas, cuando conf\u00edan en que lo suyo nos importa y que tendremos en cuenta, y asimismo, cuando se sienten libres, por lo general pueden estar m\u00e1s disponibles para colaborar o contribuir en el bienestar de l@sotr@s.<br \/>\nEsto no significa que, cuando utilicemos el PODER CON, evitaremos todos los conflictos. El problema no es tener conflictos, ya que estos son inherentes a la vida cotidiana, sino que se nos convierte en problema cuando nos quedamos atascados en el juicio, en las etiquetas o exigencias.<br \/>\nDesde nuestra posici\u00f3n de autoridad expresar con honestidad lo nuestro, escuchar con empat\u00eda a nuestros hij@s, establecer l\u00edmites necesarios y disponer de recursos y herramientas que nos ayuden a unirnos con ell@s, facilitar\u00e1 enormemente el proceso de ejercer nuestra autoridad como padres y madres sensibles a sus necesidades.<\/p>\n","protected":false},"excerpt":{"rendered":"<p>Como utilizar nuestra autoridad paterna o materna Art\u00edculo escrito para guraso.eus Los padres y las madres queremos educar a nuestros hij@s lo mejor que podamos, con lo mejor que tenemos y sabemos. Nos encontramos en una posici\u00f3n de autoridad y podemos decidir c\u00f3mo utilizar nuestro poder. Revisando el significado de la palabra \u201cautoridad\u201drecojo en el [&hellip;]<\/p>\n","protected":false},"author":4,"featured_media":1897,"comment_status":"closed","ping_status":"open","sticky":false,"template":"","format":"standard","meta":{"om_disable_all_campaigns":false,"footnotes":""},"categories":[62],"tags":[],"class_list":["post-1930","post","type-post","status-publish","format-standard","has-post-thumbnail","hentry","category-educacion"],"yoast_head":"<!-- This site is optimized with the Yoast SEO plugin v27.5 - https:\/\/yoast.com\/product\/yoast-seo-wordpress\/ -->\n<title>Como utilizar nuestra autoridad paterna o materna - Nerea Mendizabal<\/title>\n<meta name=\"description\" content=\"Los padres y las madres queremos educar a nuestros hij@s lo mejor que podamos, con lo mejor que tenemos, podemos y sabemos.\" \/>\n<meta name=\"robots\" content=\"index, follow, max-snippet:-1, max-image-preview:large, max-video-preview:-1\" \/>\n<link rel=\"canonical\" href=\"https:\/\/nereamendizabal.eus\/es\/como-utilizar-nuestra-autoridad-paterna-o-materna\/\" \/>\n<meta property=\"og:locale\" content=\"es_ES\" \/>\n<meta property=\"og:type\" content=\"article\" \/>\n<meta property=\"og:title\" content=\"Como utilizar nuestra autoridad paterna o materna - Nerea Mendizabal\" \/>\n<meta property=\"og:description\" content=\"Los padres y las madres queremos educar a nuestros hij@s lo mejor que podamos, con lo mejor que tenemos, podemos y sabemos.\" \/>\n<meta property=\"og:url\" content=\"https:\/\/nereamendizabal.eus\/es\/como-utilizar-nuestra-autoridad-paterna-o-materna\/\" \/>\n<meta property=\"og:site_name\" content=\"Nerea Mendizabal\" \/>\n<meta property=\"article:published_time\" content=\"2020-03-26T18:54:01+00:00\" \/>\n<meta property=\"article:modified_time\" content=\"2020-03-26T18:57:10+00:00\" \/>\n<meta property=\"og:image\" content=\"https:\/\/nereamendizabal.eus\/wp-content\/uploads\/2020\/03\/police-2129860_960_720.jpg\" \/>\n\t<meta property=\"og:image:width\" content=\"960\" \/>\n\t<meta property=\"og:image:height\" content=\"718\" \/>\n\t<meta property=\"og:image:type\" content=\"image\/jpeg\" \/>\n<meta name=\"author\" content=\"Nerea Mendizabal (Zestoa, 1976)\" \/>\n<meta name=\"twitter:card\" content=\"summary_large_image\" \/>\n<meta name=\"twitter:label1\" content=\"Escrito por\" \/>\n\t<meta name=\"twitter:data1\" content=\"Nerea Mendizabal (Zestoa, 1976)\" \/>\n\t<meta name=\"twitter:label2\" content=\"Tiempo de lectura\" \/>\n\t<meta name=\"twitter:data2\" content=\"5 minutos\" \/>\n<script type=\"application\/ld+json\" class=\"yoast-schema-graph\">{\"@context\":\"https:\\\/\\\/schema.org\",\"@graph\":[{\"@type\":\"Article\",\"@id\":\"https:\\\/\\\/nereamendizabal.eus\\\/es\\\/como-utilizar-nuestra-autoridad-paterna-o-materna\\\/#article\",\"isPartOf\":{\"@id\":\"https:\\\/\\\/nereamendizabal.eus\\\/es\\\/como-utilizar-nuestra-autoridad-paterna-o-materna\\\/\"},\"author\":{\"name\":\"Nerea Mendizabal (Zestoa, 1976)\",\"@id\":\"https:\\\/\\\/nereamendizabal.eus\\\/es\\\/#\\\/schema\\\/person\\\/bd256c9b2004cb1f2b7810545da489b1\"},\"headline\":\"Como utilizar nuestra autoridad paterna o materna\",\"datePublished\":\"2020-03-26T18:54:01+00:00\",\"dateModified\":\"2020-03-26T18:57:10+00:00\",\"mainEntityOfPage\":{\"@id\":\"https:\\\/\\\/nereamendizabal.eus\\\/es\\\/como-utilizar-nuestra-autoridad-paterna-o-materna\\\/\"},\"wordCount\":954,\"publisher\":{\"@id\":\"https:\\\/\\\/nereamendizabal.eus\\\/es\\\/#\\\/schema\\\/person\\\/bd256c9b2004cb1f2b7810545da489b1\"},\"image\":{\"@id\":\"https:\\\/\\\/nereamendizabal.eus\\\/es\\\/como-utilizar-nuestra-autoridad-paterna-o-materna\\\/#primaryimage\"},\"thumbnailUrl\":\"https:\\\/\\\/nereamendizabal.eus\\\/wp-content\\\/uploads\\\/2020\\\/03\\\/police-2129860_960_720.jpg\",\"articleSection\":[\"Educaci\u00f3n\"],\"inLanguage\":\"es\"},{\"@type\":\"WebPage\",\"@id\":\"https:\\\/\\\/nereamendizabal.eus\\\/es\\\/como-utilizar-nuestra-autoridad-paterna-o-materna\\\/\",\"url\":\"https:\\\/\\\/nereamendizabal.eus\\\/es\\\/como-utilizar-nuestra-autoridad-paterna-o-materna\\\/\",\"name\":\"Como utilizar nuestra autoridad paterna o materna - Nerea Mendizabal\",\"isPartOf\":{\"@id\":\"https:\\\/\\\/nereamendizabal.eus\\\/es\\\/#website\"},\"primaryImageOfPage\":{\"@id\":\"https:\\\/\\\/nereamendizabal.eus\\\/es\\\/como-utilizar-nuestra-autoridad-paterna-o-materna\\\/#primaryimage\"},\"image\":{\"@id\":\"https:\\\/\\\/nereamendizabal.eus\\\/es\\\/como-utilizar-nuestra-autoridad-paterna-o-materna\\\/#primaryimage\"},\"thumbnailUrl\":\"https:\\\/\\\/nereamendizabal.eus\\\/wp-content\\\/uploads\\\/2020\\\/03\\\/police-2129860_960_720.jpg\",\"datePublished\":\"2020-03-26T18:54:01+00:00\",\"dateModified\":\"2020-03-26T18:57:10+00:00\",\"description\":\"Los padres y las madres queremos educar a nuestros hij@s lo mejor que podamos, con lo mejor que tenemos, podemos y sabemos.\",\"breadcrumb\":{\"@id\":\"https:\\\/\\\/nereamendizabal.eus\\\/es\\\/como-utilizar-nuestra-autoridad-paterna-o-materna\\\/#breadcrumb\"},\"inLanguage\":\"es\",\"potentialAction\":[{\"@type\":\"ReadAction\",\"target\":[\"https:\\\/\\\/nereamendizabal.eus\\\/es\\\/como-utilizar-nuestra-autoridad-paterna-o-materna\\\/\"]}]},{\"@type\":\"ImageObject\",\"inLanguage\":\"es\",\"@id\":\"https:\\\/\\\/nereamendizabal.eus\\\/es\\\/como-utilizar-nuestra-autoridad-paterna-o-materna\\\/#primaryimage\",\"url\":\"https:\\\/\\\/nereamendizabal.eus\\\/wp-content\\\/uploads\\\/2020\\\/03\\\/police-2129860_960_720.jpg\",\"contentUrl\":\"https:\\\/\\\/nereamendizabal.eus\\\/wp-content\\\/uploads\\\/2020\\\/03\\\/police-2129860_960_720.jpg\",\"width\":960,\"height\":718,\"caption\":\"lego autoritatea\"},{\"@type\":\"BreadcrumbList\",\"@id\":\"https:\\\/\\\/nereamendizabal.eus\\\/es\\\/como-utilizar-nuestra-autoridad-paterna-o-materna\\\/#breadcrumb\",\"itemListElement\":[{\"@type\":\"ListItem\",\"position\":1,\"name\":\"Portada\",\"item\":\"https:\\\/\\\/nereamendizabal.eus\\\/es\\\/\"},{\"@type\":\"ListItem\",\"position\":2,\"name\":\"Como utilizar nuestra autoridad paterna o materna\"}]},{\"@type\":\"WebSite\",\"@id\":\"https:\\\/\\\/nereamendizabal.eus\\\/es\\\/#website\",\"url\":\"https:\\\/\\\/nereamendizabal.eus\\\/es\\\/\",\"name\":\"Nerea Mendizabal\",\"description\":\"Comunicaci\u00f3n No Violenta\",\"publisher\":{\"@id\":\"https:\\\/\\\/nereamendizabal.eus\\\/es\\\/#\\\/schema\\\/person\\\/bd256c9b2004cb1f2b7810545da489b1\"},\"potentialAction\":[{\"@type\":\"SearchAction\",\"target\":{\"@type\":\"EntryPoint\",\"urlTemplate\":\"https:\\\/\\\/nereamendizabal.eus\\\/es\\\/?s={search_term_string}\"},\"query-input\":{\"@type\":\"PropertyValueSpecification\",\"valueRequired\":true,\"valueName\":\"search_term_string\"}}],\"inLanguage\":\"es\"},{\"@type\":[\"Person\",\"Organization\"],\"@id\":\"https:\\\/\\\/nereamendizabal.eus\\\/es\\\/#\\\/schema\\\/person\\\/bd256c9b2004cb1f2b7810545da489b1\",\"name\":\"Nerea Mendizabal (Zestoa, 1976)\",\"image\":{\"@type\":\"ImageObject\",\"inLanguage\":\"es\",\"@id\":\"https:\\\/\\\/nereamendizabal.eus\\\/wp-content\\\/uploads\\\/2019\\\/12\\\/Logo-Nerea-Mendizabal-movil-1x.png\",\"url\":\"https:\\\/\\\/nereamendizabal.eus\\\/wp-content\\\/uploads\\\/2019\\\/12\\\/Logo-Nerea-Mendizabal-movil-1x.png\",\"contentUrl\":\"https:\\\/\\\/nereamendizabal.eus\\\/wp-content\\\/uploads\\\/2019\\\/12\\\/Logo-Nerea-Mendizabal-movil-1x.png\",\"width\":237,\"height\":56,\"caption\":\"Nerea Mendizabal (Zestoa, 1976)\"},\"logo\":{\"@id\":\"https:\\\/\\\/nereamendizabal.eus\\\/wp-content\\\/uploads\\\/2019\\\/12\\\/Logo-Nerea-Mendizabal-movil-1x.png\"},\"description\":\"Psikopedagogia, Gizarte hezkuntza eta Komunikazio Ez Bortitzeko ikasketei urte batzuk eskaini nizkion. Nor naizen jakiteko bidean jarraitzen dut eta jarraituko dut, erlazioetan elikatu nahian eta besteen aurkikuntza prozesuetan bidelagun izatearekin batera. Pasioa eta ogibidea bat eginda bizitzearen pribilegioa bizi dut. Azken hamarkadan materialen sorkuntzak ere biziki harrapatu nau, \u201cZutani\u201d jolas didaktikoa, \u201cZutani, bizitzako altxor kutxa\u201d aplikazioa, \u201cElkarrekin hazi\u201d eta \u201cJirafa hizkuntza\u201d liburuak, \u201cKira jirafa eta haserrearen diamanteak\u201d ipuinekin formatu desberdinetan erlazioetarako euskarriak sortuz. Eta orain oharkabean, ahots eta musikaz baliatzeak, hitzez azaldu nahi dudana kodigo sentituagoetara eraman nau. Musikak, kantuak, gitarra jotzeak eta dantzak barruko espazioetara eramaten naute, gozamena eta bizitzeko gogoa nigan bizitu egiten direlarik. Dediqu\u00e9 unos cuantos a\u00f1os a los estudios de Psicopedagog\u00eda, Educaci\u00f3n Social y Comunicaci\u00f3n No Violenta. Sigo y seguir\u00e9 en el camino de saber qui\u00e9n soy, queriendo nutrirme de las relaciones que me rodean, a la vez que acompa\u00f1o a las personas que acuden a m\u00ed en sus procesos de descubrimiento. Vivo con toda mi entrega el privilegio de unir la pasi\u00f3n y el oficio. En la \u00faltima d\u00e9cada tambi\u00e9n me he volcado en la creaci\u00f3n de materiales, como el juego did\u00e1ctico Zutani, la aplicaci\u00f3n Zutani, bizitzako altxor kutxa, los libros Crecer juntos y Lenguaje jirafa y el cuento La jirafa Kira y los diamantes del enfado, a\u00f1adiendo, en diferentes formatos, soportes complementarios que mejoren el funcionamiento de las relaciones. Y ahora, me lanzo a expresar en otro registro, ya que la expresi\u00f3n a trav\u00e9s de la m\u00fasica, el canto, la guitarra y la danza me conducen a espacios interiores m\u00e1s amplios, donde pongo en valor el disfrute y las ganas de vivir que se apoderan de m\u00ed. \u2063\"}]}<\/script>\n<!-- \/ Yoast SEO plugin. -->","yoast_head_json":{"title":"Como utilizar nuestra autoridad paterna o materna - Nerea Mendizabal","description":"Los padres y las madres queremos educar a nuestros hij@s lo mejor que podamos, con lo mejor que tenemos, podemos y sabemos.","robots":{"index":"index","follow":"follow","max-snippet":"max-snippet:-1","max-image-preview":"max-image-preview:large","max-video-preview":"max-video-preview:-1"},"canonical":"https:\/\/nereamendizabal.eus\/es\/como-utilizar-nuestra-autoridad-paterna-o-materna\/","og_locale":"es_ES","og_type":"article","og_title":"Como utilizar nuestra autoridad paterna o materna - Nerea Mendizabal","og_description":"Los padres y las madres queremos educar a nuestros hij@s lo mejor que podamos, con lo mejor que tenemos, podemos y sabemos.","og_url":"https:\/\/nereamendizabal.eus\/es\/como-utilizar-nuestra-autoridad-paterna-o-materna\/","og_site_name":"Nerea Mendizabal","article_published_time":"2020-03-26T18:54:01+00:00","article_modified_time":"2020-03-26T18:57:10+00:00","og_image":[{"width":960,"height":718,"url":"https:\/\/nereamendizabal.eus\/wp-content\/uploads\/2020\/03\/police-2129860_960_720.jpg","type":"image\/jpeg"}],"author":"Nerea Mendizabal (Zestoa, 1976)","twitter_card":"summary_large_image","twitter_misc":{"Escrito por":"Nerea Mendizabal (Zestoa, 1976)","Tiempo de lectura":"5 minutos"},"schema":{"@context":"https:\/\/schema.org","@graph":[{"@type":"Article","@id":"https:\/\/nereamendizabal.eus\/es\/como-utilizar-nuestra-autoridad-paterna-o-materna\/#article","isPartOf":{"@id":"https:\/\/nereamendizabal.eus\/es\/como-utilizar-nuestra-autoridad-paterna-o-materna\/"},"author":{"name":"Nerea Mendizabal (Zestoa, 1976)","@id":"https:\/\/nereamendizabal.eus\/es\/#\/schema\/person\/bd256c9b2004cb1f2b7810545da489b1"},"headline":"Como utilizar nuestra autoridad paterna o materna","datePublished":"2020-03-26T18:54:01+00:00","dateModified":"2020-03-26T18:57:10+00:00","mainEntityOfPage":{"@id":"https:\/\/nereamendizabal.eus\/es\/como-utilizar-nuestra-autoridad-paterna-o-materna\/"},"wordCount":954,"publisher":{"@id":"https:\/\/nereamendizabal.eus\/es\/#\/schema\/person\/bd256c9b2004cb1f2b7810545da489b1"},"image":{"@id":"https:\/\/nereamendizabal.eus\/es\/como-utilizar-nuestra-autoridad-paterna-o-materna\/#primaryimage"},"thumbnailUrl":"https:\/\/nereamendizabal.eus\/wp-content\/uploads\/2020\/03\/police-2129860_960_720.jpg","articleSection":["Educaci\u00f3n"],"inLanguage":"es"},{"@type":"WebPage","@id":"https:\/\/nereamendizabal.eus\/es\/como-utilizar-nuestra-autoridad-paterna-o-materna\/","url":"https:\/\/nereamendizabal.eus\/es\/como-utilizar-nuestra-autoridad-paterna-o-materna\/","name":"Como utilizar nuestra autoridad paterna o materna - Nerea Mendizabal","isPartOf":{"@id":"https:\/\/nereamendizabal.eus\/es\/#website"},"primaryImageOfPage":{"@id":"https:\/\/nereamendizabal.eus\/es\/como-utilizar-nuestra-autoridad-paterna-o-materna\/#primaryimage"},"image":{"@id":"https:\/\/nereamendizabal.eus\/es\/como-utilizar-nuestra-autoridad-paterna-o-materna\/#primaryimage"},"thumbnailUrl":"https:\/\/nereamendizabal.eus\/wp-content\/uploads\/2020\/03\/police-2129860_960_720.jpg","datePublished":"2020-03-26T18:54:01+00:00","dateModified":"2020-03-26T18:57:10+00:00","description":"Los padres y las madres queremos educar a nuestros hij@s lo mejor que podamos, con lo mejor que tenemos, podemos y sabemos.","breadcrumb":{"@id":"https:\/\/nereamendizabal.eus\/es\/como-utilizar-nuestra-autoridad-paterna-o-materna\/#breadcrumb"},"inLanguage":"es","potentialAction":[{"@type":"ReadAction","target":["https:\/\/nereamendizabal.eus\/es\/como-utilizar-nuestra-autoridad-paterna-o-materna\/"]}]},{"@type":"ImageObject","inLanguage":"es","@id":"https:\/\/nereamendizabal.eus\/es\/como-utilizar-nuestra-autoridad-paterna-o-materna\/#primaryimage","url":"https:\/\/nereamendizabal.eus\/wp-content\/uploads\/2020\/03\/police-2129860_960_720.jpg","contentUrl":"https:\/\/nereamendizabal.eus\/wp-content\/uploads\/2020\/03\/police-2129860_960_720.jpg","width":960,"height":718,"caption":"lego autoritatea"},{"@type":"BreadcrumbList","@id":"https:\/\/nereamendizabal.eus\/es\/como-utilizar-nuestra-autoridad-paterna-o-materna\/#breadcrumb","itemListElement":[{"@type":"ListItem","position":1,"name":"Portada","item":"https:\/\/nereamendizabal.eus\/es\/"},{"@type":"ListItem","position":2,"name":"Como utilizar nuestra autoridad paterna o materna"}]},{"@type":"WebSite","@id":"https:\/\/nereamendizabal.eus\/es\/#website","url":"https:\/\/nereamendizabal.eus\/es\/","name":"Nerea Mendizabal","description":"Comunicaci\u00f3n No Violenta","publisher":{"@id":"https:\/\/nereamendizabal.eus\/es\/#\/schema\/person\/bd256c9b2004cb1f2b7810545da489b1"},"potentialAction":[{"@type":"SearchAction","target":{"@type":"EntryPoint","urlTemplate":"https:\/\/nereamendizabal.eus\/es\/?s={search_term_string}"},"query-input":{"@type":"PropertyValueSpecification","valueRequired":true,"valueName":"search_term_string"}}],"inLanguage":"es"},{"@type":["Person","Organization"],"@id":"https:\/\/nereamendizabal.eus\/es\/#\/schema\/person\/bd256c9b2004cb1f2b7810545da489b1","name":"Nerea Mendizabal (Zestoa, 1976)","image":{"@type":"ImageObject","inLanguage":"es","@id":"https:\/\/nereamendizabal.eus\/wp-content\/uploads\/2019\/12\/Logo-Nerea-Mendizabal-movil-1x.png","url":"https:\/\/nereamendizabal.eus\/wp-content\/uploads\/2019\/12\/Logo-Nerea-Mendizabal-movil-1x.png","contentUrl":"https:\/\/nereamendizabal.eus\/wp-content\/uploads\/2019\/12\/Logo-Nerea-Mendizabal-movil-1x.png","width":237,"height":56,"caption":"Nerea Mendizabal (Zestoa, 1976)"},"logo":{"@id":"https:\/\/nereamendizabal.eus\/wp-content\/uploads\/2019\/12\/Logo-Nerea-Mendizabal-movil-1x.png"},"description":"Psikopedagogia, Gizarte hezkuntza eta Komunikazio Ez Bortitzeko ikasketei urte batzuk eskaini nizkion. Nor naizen jakiteko bidean jarraitzen dut eta jarraituko dut, erlazioetan elikatu nahian eta besteen aurkikuntza prozesuetan bidelagun izatearekin batera. Pasioa eta ogibidea bat eginda bizitzearen pribilegioa bizi dut. Azken hamarkadan materialen sorkuntzak ere biziki harrapatu nau, \u201cZutani\u201d jolas didaktikoa, \u201cZutani, bizitzako altxor kutxa\u201d aplikazioa, \u201cElkarrekin hazi\u201d eta \u201cJirafa hizkuntza\u201d liburuak, \u201cKira jirafa eta haserrearen diamanteak\u201d ipuinekin formatu desberdinetan erlazioetarako euskarriak sortuz. Eta orain oharkabean, ahots eta musikaz baliatzeak, hitzez azaldu nahi dudana kodigo sentituagoetara eraman nau. Musikak, kantuak, gitarra jotzeak eta dantzak barruko espazioetara eramaten naute, gozamena eta bizitzeko gogoa nigan bizitu egiten direlarik. Dediqu\u00e9 unos cuantos a\u00f1os a los estudios de Psicopedagog\u00eda, Educaci\u00f3n Social y Comunicaci\u00f3n No Violenta. Sigo y seguir\u00e9 en el camino de saber qui\u00e9n soy, queriendo nutrirme de las relaciones que me rodean, a la vez que acompa\u00f1o a las personas que acuden a m\u00ed en sus procesos de descubrimiento. Vivo con toda mi entrega el privilegio de unir la pasi\u00f3n y el oficio. En la \u00faltima d\u00e9cada tambi\u00e9n me he volcado en la creaci\u00f3n de materiales, como el juego did\u00e1ctico Zutani, la aplicaci\u00f3n Zutani, bizitzako altxor kutxa, los libros Crecer juntos y Lenguaje jirafa y el cuento La jirafa Kira y los diamantes del enfado, a\u00f1adiendo, en diferentes formatos, soportes complementarios que mejoren el funcionamiento de las relaciones. Y ahora, me lanzo a expresar en otro registro, ya que la expresi\u00f3n a trav\u00e9s de la m\u00fasica, el canto, la guitarra y la danza me conducen a espacios interiores m\u00e1s amplios, donde pongo en valor el disfrute y las ganas de vivir que se apoderan de m\u00ed. \u2063"}]}},"publishpress_future_workflow_manual_trigger":{"enabledWorkflows":[]},"_links":{"self":[{"href":"https:\/\/nereamendizabal.eus\/es\/wp-json\/wp\/v2\/posts\/1930","targetHints":{"allow":["GET"]}}],"collection":[{"href":"https:\/\/nereamendizabal.eus\/es\/wp-json\/wp\/v2\/posts"}],"about":[{"href":"https:\/\/nereamendizabal.eus\/es\/wp-json\/wp\/v2\/types\/post"}],"author":[{"embeddable":true,"href":"https:\/\/nereamendizabal.eus\/es\/wp-json\/wp\/v2\/users\/4"}],"replies":[{"embeddable":true,"href":"https:\/\/nereamendizabal.eus\/es\/wp-json\/wp\/v2\/comments?post=1930"}],"version-history":[{"count":0,"href":"https:\/\/nereamendizabal.eus\/es\/wp-json\/wp\/v2\/posts\/1930\/revisions"}],"wp:featuredmedia":[{"embeddable":true,"href":"https:\/\/nereamendizabal.eus\/es\/wp-json\/wp\/v2\/media\/1897"}],"wp:attachment":[{"href":"https:\/\/nereamendizabal.eus\/es\/wp-json\/wp\/v2\/media?parent=1930"}],"wp:term":[{"taxonomy":"category","embeddable":true,"href":"https:\/\/nereamendizabal.eus\/es\/wp-json\/wp\/v2\/categories?post=1930"},{"taxonomy":"post_tag","embeddable":true,"href":"https:\/\/nereamendizabal.eus\/es\/wp-json\/wp\/v2\/tags?post=1930"}],"curies":[{"name":"wp","href":"https:\/\/api.w.org\/{rel}","templated":true}]}}