{"id":1584,"date":"2019-12-21T08:58:06","date_gmt":"2019-12-21T07:58:06","guid":{"rendered":"https:\/\/nereamendizabal.eus\/libros-de-comunicacion-no-violenta\/"},"modified":"2019-12-23T12:35:29","modified_gmt":"2019-12-23T11:35:29","slug":"libros-de-comunicacion-no-violenta","status":"publish","type":"post","link":"https:\/\/nereamendizabal.eus\/es\/libros-de-comunicacion-no-violenta\/","title":{"rendered":"Libros de Comunicaci\u00f3n No Violenta"},"content":{"rendered":"<p>La presente bibliograf\u00eda es un listado de las publicaciones en castellano:<\/p>\n<ul>\n<li><em>Comunicaci\u00f3n No Violenta, un lenguaje de vida.<\/em> Marshall B. Rosenberg.\u00a0 Acanto<\/li>\n<li><em>Resolver los conflictos con la Comunicaci\u00f3n No Violenta.<\/em> Marshall B. Rosenberg. Acanto<\/li>\n<li><em>Cuaderno de ejercicios de Comunicaci\u00f3n No Violenta.<\/em> Anne Van Stappe. Terapias Verdes<\/li>\n<li><em>Deja de Ser Amable; S\u00e9 Aut\u00e9ntico.<\/em>Thomas D\u00b4Ansembourg.\u00a0 Sal Terrae<\/li>\n<li><em>Educar sin castigos ni recompensas.<\/em> Jean-Philippe Faure.\u00a0 Lumen<\/li>\n<li><em>El sorprendente prop\u00f3sito de la rabia.<\/em> Marshall B. Rosenberg.\u00a0 Acanto<\/li>\n<li><em>Ser padres desde el coraz\u00f3n.<\/em> Inbal Kashtan. \u00a0 Acanto<\/li>\n<li><em>\u00bfQu\u00e9 le hace enfadar?<\/em>Shari Klein y Neill Gibson. Acanto<\/li>\n<li><em>Ser paz en un mundo en conflicto.<\/em> Marshall B. Rosenberg. Acanto<\/li>\n<li><em>La coraz\u00f3n.<\/em>Roxana Cabut y Raed El-Younsi<\/li>\n<li><em>Fundamentos y pr\u00e1cticas de Comunicaci\u00f3n No Violenta.<\/em> Pilar de la Torre. Arpa<\/li>\n<li><em>El coraz\u00f3n del cambio social. Marshall B. Rosenberg. Acanto<\/em><\/li>\n<li><em>Educar a los ni\u00f1os desde el coraz\u00f3n.<\/em> Marshall B. Rosenberg. Acanto<\/li>\n<li><em>Espiritualidad pr\u00e1ctica.<\/em> Marshall B. Rosenberg. Acanto<\/li>\n<li><em>Gu\u00eda Pr\u00e1ctica de la Comunicaci\u00f3n No Violenta.<\/em> Jos\u00e9 Gerardo S\u00e1nchez Lozano<\/li>\n<li><em>Crecer Juntos.<\/em> Nerea Mendizabal Etxeberria<\/li>\n<li><em>Introducci\u00f3n a la Comunicaci\u00f3n NoViolenta.<\/em> Jos\u00e9 Gerardo S\u00e1nchez Lozano. Acanto<\/li>\n<\/ul>\n","protected":false},"excerpt":{"rendered":"<p>La presente bibliograf\u00eda es un listado de las publicaciones en castellano: Comunicaci\u00f3n No Violenta, un lenguaje de vida. Marshall B. Rosenberg.\u00a0 Acanto Resolver los conflictos con la Comunicaci\u00f3n No Violenta. Marshall B. Rosenberg. Acanto Cuaderno de ejercicios de Comunicaci\u00f3n No Violenta. Anne Van Stappe. Terapias Verdes Deja de Ser Amable; S\u00e9 Aut\u00e9ntico.Thomas D\u00b4Ansembourg.\u00a0 Sal Terrae [&hellip;]<\/p>\n","protected":false},"author":4,"featured_media":1639,"comment_status":"closed","ping_status":"closed","sticky":true,"template":"","format":"standard","meta":{"om_disable_all_campaigns":false,"footnotes":""},"categories":[60],"tags":[],"class_list":["post-1584","post","type-post","status-publish","format-standard","has-post-thumbnail","hentry","category-comunicacion-no-violenta"],"yoast_head":"<!-- This site is optimized with the Yoast SEO plugin v27.5 - https:\/\/yoast.com\/product\/yoast-seo-wordpress\/ -->\n<title>\u25b7Libros de Comunicaci\u00f3n No Violenta - Nerea Mendizabal<\/title>\n<meta name=\"description\" content=\"La presente bibliograf\u00eda es un listado de las publicaciones en castellano Libros de Comunicaci\u00f3n No Violenta\" \/>\n<meta name=\"robots\" content=\"index, follow, max-snippet:-1, max-image-preview:large, max-video-preview:-1\" \/>\n<link rel=\"canonical\" href=\"https:\/\/nereamendizabal.eus\/es\/libros-de-comunicacion-no-violenta\/\" \/>\n<meta property=\"og:locale\" content=\"es_ES\" \/>\n<meta property=\"og:type\" content=\"article\" \/>\n<meta property=\"og:title\" content=\"\u25b7Libros de Comunicaci\u00f3n No Violenta - Nerea Mendizabal\" \/>\n<meta property=\"og:description\" content=\"La presente bibliograf\u00eda es un listado de las publicaciones en castellano Libros de Comunicaci\u00f3n No Violenta\" \/>\n<meta property=\"og:url\" content=\"https:\/\/nereamendizabal.eus\/es\/libros-de-comunicacion-no-violenta\/\" \/>\n<meta property=\"og:site_name\" content=\"Nerea Mendizabal\" \/>\n<meta property=\"article:published_time\" content=\"2019-12-21T07:58:06+00:00\" \/>\n<meta property=\"article:modified_time\" content=\"2019-12-23T11:35:29+00:00\" \/>\n<meta property=\"og:image\" content=\"https:\/\/nereamendizabal.eus\/wp-content\/uploads\/2019\/11\/Blog-Nerea-Mendizabal-bibliografia-CNV.jpeg\" \/>\n\t<meta property=\"og:image:width\" content=\"1000\" \/>\n\t<meta property=\"og:image:height\" content=\"667\" \/>\n\t<meta property=\"og:image:type\" content=\"image\/jpeg\" \/>\n<meta name=\"author\" content=\"Nerea Mendizabal (Zestoa, 1976)\" \/>\n<meta name=\"twitter:card\" content=\"summary_large_image\" \/>\n<meta name=\"twitter:label1\" content=\"Escrito por\" \/>\n\t<meta name=\"twitter:data1\" content=\"Nerea Mendizabal (Zestoa, 1976)\" \/>\n\t<meta name=\"twitter:label2\" content=\"Tiempo de lectura\" \/>\n\t<meta name=\"twitter:data2\" content=\"1 minuto\" \/>\n<script type=\"application\/ld+json\" class=\"yoast-schema-graph\">{\"@context\":\"https:\\\/\\\/schema.org\",\"@graph\":[{\"@type\":\"Article\",\"@id\":\"https:\\\/\\\/nereamendizabal.eus\\\/es\\\/libros-de-comunicacion-no-violenta\\\/#article\",\"isPartOf\":{\"@id\":\"https:\\\/\\\/nereamendizabal.eus\\\/es\\\/libros-de-comunicacion-no-violenta\\\/\"},\"author\":{\"name\":\"Nerea Mendizabal (Zestoa, 1976)\",\"@id\":\"https:\\\/\\\/nereamendizabal.eus\\\/es\\\/#\\\/schema\\\/person\\\/bd256c9b2004cb1f2b7810545da489b1\"},\"headline\":\"Libros de Comunicaci\u00f3n No Violenta\",\"datePublished\":\"2019-12-21T07:58:06+00:00\",\"dateModified\":\"2019-12-23T11:35:29+00:00\",\"mainEntityOfPage\":{\"@id\":\"https:\\\/\\\/nereamendizabal.eus\\\/es\\\/libros-de-comunicacion-no-violenta\\\/\"},\"wordCount\":202,\"publisher\":{\"@id\":\"https:\\\/\\\/nereamendizabal.eus\\\/es\\\/#\\\/schema\\\/person\\\/bd256c9b2004cb1f2b7810545da489b1\"},\"image\":{\"@id\":\"https:\\\/\\\/nereamendizabal.eus\\\/es\\\/libros-de-comunicacion-no-violenta\\\/#primaryimage\"},\"thumbnailUrl\":\"https:\\\/\\\/nereamendizabal.eus\\\/wp-content\\\/uploads\\\/2019\\\/11\\\/Blog-Nerea-Mendizabal-bibliografia-CNV.jpeg\",\"articleSection\":[\"Comunicaci\u00f3n No Violenta\"],\"inLanguage\":\"es\"},{\"@type\":\"WebPage\",\"@id\":\"https:\\\/\\\/nereamendizabal.eus\\\/es\\\/libros-de-comunicacion-no-violenta\\\/\",\"url\":\"https:\\\/\\\/nereamendizabal.eus\\\/es\\\/libros-de-comunicacion-no-violenta\\\/\",\"name\":\"\u25b7Libros de Comunicaci\u00f3n No Violenta - Nerea Mendizabal\",\"isPartOf\":{\"@id\":\"https:\\\/\\\/nereamendizabal.eus\\\/es\\\/#website\"},\"primaryImageOfPage\":{\"@id\":\"https:\\\/\\\/nereamendizabal.eus\\\/es\\\/libros-de-comunicacion-no-violenta\\\/#primaryimage\"},\"image\":{\"@id\":\"https:\\\/\\\/nereamendizabal.eus\\\/es\\\/libros-de-comunicacion-no-violenta\\\/#primaryimage\"},\"thumbnailUrl\":\"https:\\\/\\\/nereamendizabal.eus\\\/wp-content\\\/uploads\\\/2019\\\/11\\\/Blog-Nerea-Mendizabal-bibliografia-CNV.jpeg\",\"datePublished\":\"2019-12-21T07:58:06+00:00\",\"dateModified\":\"2019-12-23T11:35:29+00:00\",\"description\":\"La presente bibliograf\u00eda es un listado de las publicaciones en castellano Libros de Comunicaci\u00f3n No Violenta\",\"breadcrumb\":{\"@id\":\"https:\\\/\\\/nereamendizabal.eus\\\/es\\\/libros-de-comunicacion-no-violenta\\\/#breadcrumb\"},\"inLanguage\":\"es\",\"potentialAction\":[{\"@type\":\"ReadAction\",\"target\":[\"https:\\\/\\\/nereamendizabal.eus\\\/es\\\/libros-de-comunicacion-no-violenta\\\/\"]}]},{\"@type\":\"ImageObject\",\"inLanguage\":\"es\",\"@id\":\"https:\\\/\\\/nereamendizabal.eus\\\/es\\\/libros-de-comunicacion-no-violenta\\\/#primaryimage\",\"url\":\"https:\\\/\\\/nereamendizabal.eus\\\/wp-content\\\/uploads\\\/2019\\\/11\\\/Blog-Nerea-Mendizabal-bibliografia-CNV.jpeg\",\"contentUrl\":\"https:\\\/\\\/nereamendizabal.eus\\\/wp-content\\\/uploads\\\/2019\\\/11\\\/Blog-Nerea-Mendizabal-bibliografia-CNV.jpeg\",\"width\":1000,\"height\":667,\"caption\":\"Blog-Nerea-Mendizabal-bibliografia-CNV\"},{\"@type\":\"BreadcrumbList\",\"@id\":\"https:\\\/\\\/nereamendizabal.eus\\\/es\\\/libros-de-comunicacion-no-violenta\\\/#breadcrumb\",\"itemListElement\":[{\"@type\":\"ListItem\",\"position\":1,\"name\":\"Portada\",\"item\":\"https:\\\/\\\/nereamendizabal.eus\\\/es\\\/\"},{\"@type\":\"ListItem\",\"position\":2,\"name\":\"Libros de Comunicaci\u00f3n No Violenta\"}]},{\"@type\":\"WebSite\",\"@id\":\"https:\\\/\\\/nereamendizabal.eus\\\/es\\\/#website\",\"url\":\"https:\\\/\\\/nereamendizabal.eus\\\/es\\\/\",\"name\":\"Nerea Mendizabal\",\"description\":\"Comunicaci\u00f3n No Violenta\",\"publisher\":{\"@id\":\"https:\\\/\\\/nereamendizabal.eus\\\/es\\\/#\\\/schema\\\/person\\\/bd256c9b2004cb1f2b7810545da489b1\"},\"potentialAction\":[{\"@type\":\"SearchAction\",\"target\":{\"@type\":\"EntryPoint\",\"urlTemplate\":\"https:\\\/\\\/nereamendizabal.eus\\\/es\\\/?s={search_term_string}\"},\"query-input\":{\"@type\":\"PropertyValueSpecification\",\"valueRequired\":true,\"valueName\":\"search_term_string\"}}],\"inLanguage\":\"es\"},{\"@type\":[\"Person\",\"Organization\"],\"@id\":\"https:\\\/\\\/nereamendizabal.eus\\\/es\\\/#\\\/schema\\\/person\\\/bd256c9b2004cb1f2b7810545da489b1\",\"name\":\"Nerea Mendizabal (Zestoa, 1976)\",\"image\":{\"@type\":\"ImageObject\",\"inLanguage\":\"es\",\"@id\":\"https:\\\/\\\/nereamendizabal.eus\\\/wp-content\\\/uploads\\\/2019\\\/12\\\/Logo-Nerea-Mendizabal-movil-1x.png\",\"url\":\"https:\\\/\\\/nereamendizabal.eus\\\/wp-content\\\/uploads\\\/2019\\\/12\\\/Logo-Nerea-Mendizabal-movil-1x.png\",\"contentUrl\":\"https:\\\/\\\/nereamendizabal.eus\\\/wp-content\\\/uploads\\\/2019\\\/12\\\/Logo-Nerea-Mendizabal-movil-1x.png\",\"width\":237,\"height\":56,\"caption\":\"Nerea Mendizabal (Zestoa, 1976)\"},\"logo\":{\"@id\":\"https:\\\/\\\/nereamendizabal.eus\\\/wp-content\\\/uploads\\\/2019\\\/12\\\/Logo-Nerea-Mendizabal-movil-1x.png\"},\"description\":\"Psikopedagogia, Gizarte hezkuntza eta Komunikazio Ez Bortitzeko ikasketei urte batzuk eskaini nizkion. Nor naizen jakiteko bidean jarraitzen dut eta jarraituko dut, erlazioetan elikatu nahian eta besteen aurkikuntza prozesuetan bidelagun izatearekin batera. Pasioa eta ogibidea bat eginda bizitzearen pribilegioa bizi dut. Azken hamarkadan materialen sorkuntzak ere biziki harrapatu nau, \u201cZutani\u201d jolas didaktikoa, \u201cZutani, bizitzako altxor kutxa\u201d aplikazioa, \u201cElkarrekin hazi\u201d eta \u201cJirafa hizkuntza\u201d liburuak, \u201cKira jirafa eta haserrearen diamanteak\u201d ipuinekin formatu desberdinetan erlazioetarako euskarriak sortuz. Eta orain oharkabean, ahots eta musikaz baliatzeak, hitzez azaldu nahi dudana kodigo sentituagoetara eraman nau. Musikak, kantuak, gitarra jotzeak eta dantzak barruko espazioetara eramaten naute, gozamena eta bizitzeko gogoa nigan bizitu egiten direlarik. Dediqu\u00e9 unos cuantos a\u00f1os a los estudios de Psicopedagog\u00eda, Educaci\u00f3n Social y Comunicaci\u00f3n No Violenta. Sigo y seguir\u00e9 en el camino de saber qui\u00e9n soy, queriendo nutrirme de las relaciones que me rodean, a la vez que acompa\u00f1o a las personas que acuden a m\u00ed en sus procesos de descubrimiento. Vivo con toda mi entrega el privilegio de unir la pasi\u00f3n y el oficio. En la \u00faltima d\u00e9cada tambi\u00e9n me he volcado en la creaci\u00f3n de materiales, como el juego did\u00e1ctico Zutani, la aplicaci\u00f3n Zutani, bizitzako altxor kutxa, los libros Crecer juntos y Lenguaje jirafa y el cuento La jirafa Kira y los diamantes del enfado, a\u00f1adiendo, en diferentes formatos, soportes complementarios que mejoren el funcionamiento de las relaciones. Y ahora, me lanzo a expresar en otro registro, ya que la expresi\u00f3n a trav\u00e9s de la m\u00fasica, el canto, la guitarra y la danza me conducen a espacios interiores m\u00e1s amplios, donde pongo en valor el disfrute y las ganas de vivir que se apoderan de m\u00ed. \u2063\"}]}<\/script>\n<!-- \/ Yoast SEO plugin. -->","yoast_head_json":{"title":"\u25b7Libros de Comunicaci\u00f3n No Violenta - Nerea Mendizabal","description":"La presente bibliograf\u00eda es un listado de las publicaciones en castellano Libros de Comunicaci\u00f3n No Violenta","robots":{"index":"index","follow":"follow","max-snippet":"max-snippet:-1","max-image-preview":"max-image-preview:large","max-video-preview":"max-video-preview:-1"},"canonical":"https:\/\/nereamendizabal.eus\/es\/libros-de-comunicacion-no-violenta\/","og_locale":"es_ES","og_type":"article","og_title":"\u25b7Libros de Comunicaci\u00f3n No Violenta - Nerea Mendizabal","og_description":"La presente bibliograf\u00eda es un listado de las publicaciones en castellano Libros de Comunicaci\u00f3n No Violenta","og_url":"https:\/\/nereamendizabal.eus\/es\/libros-de-comunicacion-no-violenta\/","og_site_name":"Nerea Mendizabal","article_published_time":"2019-12-21T07:58:06+00:00","article_modified_time":"2019-12-23T11:35:29+00:00","og_image":[{"width":1000,"height":667,"url":"https:\/\/nereamendizabal.eus\/wp-content\/uploads\/2019\/11\/Blog-Nerea-Mendizabal-bibliografia-CNV.jpeg","type":"image\/jpeg"}],"author":"Nerea Mendizabal (Zestoa, 1976)","twitter_card":"summary_large_image","twitter_misc":{"Escrito por":"Nerea Mendizabal (Zestoa, 1976)","Tiempo de lectura":"1 minuto"},"schema":{"@context":"https:\/\/schema.org","@graph":[{"@type":"Article","@id":"https:\/\/nereamendizabal.eus\/es\/libros-de-comunicacion-no-violenta\/#article","isPartOf":{"@id":"https:\/\/nereamendizabal.eus\/es\/libros-de-comunicacion-no-violenta\/"},"author":{"name":"Nerea Mendizabal (Zestoa, 1976)","@id":"https:\/\/nereamendizabal.eus\/es\/#\/schema\/person\/bd256c9b2004cb1f2b7810545da489b1"},"headline":"Libros de Comunicaci\u00f3n No Violenta","datePublished":"2019-12-21T07:58:06+00:00","dateModified":"2019-12-23T11:35:29+00:00","mainEntityOfPage":{"@id":"https:\/\/nereamendizabal.eus\/es\/libros-de-comunicacion-no-violenta\/"},"wordCount":202,"publisher":{"@id":"https:\/\/nereamendizabal.eus\/es\/#\/schema\/person\/bd256c9b2004cb1f2b7810545da489b1"},"image":{"@id":"https:\/\/nereamendizabal.eus\/es\/libros-de-comunicacion-no-violenta\/#primaryimage"},"thumbnailUrl":"https:\/\/nereamendizabal.eus\/wp-content\/uploads\/2019\/11\/Blog-Nerea-Mendizabal-bibliografia-CNV.jpeg","articleSection":["Comunicaci\u00f3n No Violenta"],"inLanguage":"es"},{"@type":"WebPage","@id":"https:\/\/nereamendizabal.eus\/es\/libros-de-comunicacion-no-violenta\/","url":"https:\/\/nereamendizabal.eus\/es\/libros-de-comunicacion-no-violenta\/","name":"\u25b7Libros de Comunicaci\u00f3n No Violenta - Nerea Mendizabal","isPartOf":{"@id":"https:\/\/nereamendizabal.eus\/es\/#website"},"primaryImageOfPage":{"@id":"https:\/\/nereamendizabal.eus\/es\/libros-de-comunicacion-no-violenta\/#primaryimage"},"image":{"@id":"https:\/\/nereamendizabal.eus\/es\/libros-de-comunicacion-no-violenta\/#primaryimage"},"thumbnailUrl":"https:\/\/nereamendizabal.eus\/wp-content\/uploads\/2019\/11\/Blog-Nerea-Mendizabal-bibliografia-CNV.jpeg","datePublished":"2019-12-21T07:58:06+00:00","dateModified":"2019-12-23T11:35:29+00:00","description":"La presente bibliograf\u00eda es un listado de las publicaciones en castellano Libros de Comunicaci\u00f3n No Violenta","breadcrumb":{"@id":"https:\/\/nereamendizabal.eus\/es\/libros-de-comunicacion-no-violenta\/#breadcrumb"},"inLanguage":"es","potentialAction":[{"@type":"ReadAction","target":["https:\/\/nereamendizabal.eus\/es\/libros-de-comunicacion-no-violenta\/"]}]},{"@type":"ImageObject","inLanguage":"es","@id":"https:\/\/nereamendizabal.eus\/es\/libros-de-comunicacion-no-violenta\/#primaryimage","url":"https:\/\/nereamendizabal.eus\/wp-content\/uploads\/2019\/11\/Blog-Nerea-Mendizabal-bibliografia-CNV.jpeg","contentUrl":"https:\/\/nereamendizabal.eus\/wp-content\/uploads\/2019\/11\/Blog-Nerea-Mendizabal-bibliografia-CNV.jpeg","width":1000,"height":667,"caption":"Blog-Nerea-Mendizabal-bibliografia-CNV"},{"@type":"BreadcrumbList","@id":"https:\/\/nereamendizabal.eus\/es\/libros-de-comunicacion-no-violenta\/#breadcrumb","itemListElement":[{"@type":"ListItem","position":1,"name":"Portada","item":"https:\/\/nereamendizabal.eus\/es\/"},{"@type":"ListItem","position":2,"name":"Libros de Comunicaci\u00f3n No Violenta"}]},{"@type":"WebSite","@id":"https:\/\/nereamendizabal.eus\/es\/#website","url":"https:\/\/nereamendizabal.eus\/es\/","name":"Nerea Mendizabal","description":"Comunicaci\u00f3n No Violenta","publisher":{"@id":"https:\/\/nereamendizabal.eus\/es\/#\/schema\/person\/bd256c9b2004cb1f2b7810545da489b1"},"potentialAction":[{"@type":"SearchAction","target":{"@type":"EntryPoint","urlTemplate":"https:\/\/nereamendizabal.eus\/es\/?s={search_term_string}"},"query-input":{"@type":"PropertyValueSpecification","valueRequired":true,"valueName":"search_term_string"}}],"inLanguage":"es"},{"@type":["Person","Organization"],"@id":"https:\/\/nereamendizabal.eus\/es\/#\/schema\/person\/bd256c9b2004cb1f2b7810545da489b1","name":"Nerea Mendizabal (Zestoa, 1976)","image":{"@type":"ImageObject","inLanguage":"es","@id":"https:\/\/nereamendizabal.eus\/wp-content\/uploads\/2019\/12\/Logo-Nerea-Mendizabal-movil-1x.png","url":"https:\/\/nereamendizabal.eus\/wp-content\/uploads\/2019\/12\/Logo-Nerea-Mendizabal-movil-1x.png","contentUrl":"https:\/\/nereamendizabal.eus\/wp-content\/uploads\/2019\/12\/Logo-Nerea-Mendizabal-movil-1x.png","width":237,"height":56,"caption":"Nerea Mendizabal (Zestoa, 1976)"},"logo":{"@id":"https:\/\/nereamendizabal.eus\/wp-content\/uploads\/2019\/12\/Logo-Nerea-Mendizabal-movil-1x.png"},"description":"Psikopedagogia, Gizarte hezkuntza eta Komunikazio Ez Bortitzeko ikasketei urte batzuk eskaini nizkion. Nor naizen jakiteko bidean jarraitzen dut eta jarraituko dut, erlazioetan elikatu nahian eta besteen aurkikuntza prozesuetan bidelagun izatearekin batera. Pasioa eta ogibidea bat eginda bizitzearen pribilegioa bizi dut. Azken hamarkadan materialen sorkuntzak ere biziki harrapatu nau, \u201cZutani\u201d jolas didaktikoa, \u201cZutani, bizitzako altxor kutxa\u201d aplikazioa, \u201cElkarrekin hazi\u201d eta \u201cJirafa hizkuntza\u201d liburuak, \u201cKira jirafa eta haserrearen diamanteak\u201d ipuinekin formatu desberdinetan erlazioetarako euskarriak sortuz. Eta orain oharkabean, ahots eta musikaz baliatzeak, hitzez azaldu nahi dudana kodigo sentituagoetara eraman nau. Musikak, kantuak, gitarra jotzeak eta dantzak barruko espazioetara eramaten naute, gozamena eta bizitzeko gogoa nigan bizitu egiten direlarik. Dediqu\u00e9 unos cuantos a\u00f1os a los estudios de Psicopedagog\u00eda, Educaci\u00f3n Social y Comunicaci\u00f3n No Violenta. Sigo y seguir\u00e9 en el camino de saber qui\u00e9n soy, queriendo nutrirme de las relaciones que me rodean, a la vez que acompa\u00f1o a las personas que acuden a m\u00ed en sus procesos de descubrimiento. Vivo con toda mi entrega el privilegio de unir la pasi\u00f3n y el oficio. En la \u00faltima d\u00e9cada tambi\u00e9n me he volcado en la creaci\u00f3n de materiales, como el juego did\u00e1ctico Zutani, la aplicaci\u00f3n Zutani, bizitzako altxor kutxa, los libros Crecer juntos y Lenguaje jirafa y el cuento La jirafa Kira y los diamantes del enfado, a\u00f1adiendo, en diferentes formatos, soportes complementarios que mejoren el funcionamiento de las relaciones. Y ahora, me lanzo a expresar en otro registro, ya que la expresi\u00f3n a trav\u00e9s de la m\u00fasica, el canto, la guitarra y la danza me conducen a espacios interiores m\u00e1s amplios, donde pongo en valor el disfrute y las ganas de vivir que se apoderan de m\u00ed. \u2063"}]}},"publishpress_future_workflow_manual_trigger":{"enabledWorkflows":[]},"_links":{"self":[{"href":"https:\/\/nereamendizabal.eus\/es\/wp-json\/wp\/v2\/posts\/1584","targetHints":{"allow":["GET"]}}],"collection":[{"href":"https:\/\/nereamendizabal.eus\/es\/wp-json\/wp\/v2\/posts"}],"about":[{"href":"https:\/\/nereamendizabal.eus\/es\/wp-json\/wp\/v2\/types\/post"}],"author":[{"embeddable":true,"href":"https:\/\/nereamendizabal.eus\/es\/wp-json\/wp\/v2\/users\/4"}],"replies":[{"embeddable":true,"href":"https:\/\/nereamendizabal.eus\/es\/wp-json\/wp\/v2\/comments?post=1584"}],"version-history":[{"count":0,"href":"https:\/\/nereamendizabal.eus\/es\/wp-json\/wp\/v2\/posts\/1584\/revisions"}],"wp:featuredmedia":[{"embeddable":true,"href":"https:\/\/nereamendizabal.eus\/es\/wp-json\/wp\/v2\/media\/1639"}],"wp:attachment":[{"href":"https:\/\/nereamendizabal.eus\/es\/wp-json\/wp\/v2\/media?parent=1584"}],"wp:term":[{"taxonomy":"category","embeddable":true,"href":"https:\/\/nereamendizabal.eus\/es\/wp-json\/wp\/v2\/categories?post=1584"},{"taxonomy":"post_tag","embeddable":true,"href":"https:\/\/nereamendizabal.eus\/es\/wp-json\/wp\/v2\/tags?post=1584"}],"curies":[{"name":"wp","href":"https:\/\/api.w.org\/{rel}","templated":true}]}}